{"id":17312,"date":"2020-06-26T22:15:49","date_gmt":"2020-06-26T22:15:49","guid":{"rendered":"http:\/\/blogdorogeriogomes.com.br\/?p=17312"},"modified":"2020-06-29T08:31:19","modified_gmt":"2020-06-29T08:31:19","slug":"assembleia-legislativa-do-ceara-aprova-novos-projetos-de-combate-ao-coronavirus-em-sessao-virtual","status":"publish","type":"post","link":"https:\/\/blogdorogeriogomes.com.br\/noticias\/2020\/06\/assembleia-legislativa-do-ceara-aprova-novos-projetos-de-combate-ao-coronavirus-em-sessao-virtual\/","title":{"rendered":"Assembleia Legislativa do Cear\u00e1 aprova novos projetos de combate ao coronav\u00edrus em sess\u00e3o virtual"},"content":{"rendered":"\n<p>A Assembleia Legislativa do Cear\u00e1 continua atuando de forma virtual na an\u00e1lise de projetos de combate \u00e0 pandemia da Covid-19. S\u00f3 o deputado estadual Walter Cavalcante (MDB) participou de cinco projetos relacionados \u00e0s medidas de preven\u00e7\u00e3o e combate ao novo Coronav\u00edrus, aprovados nesta quinta-feira, dia 25 de junho.<\/p>\n\n\n\n<p>Um dos projetos, em coautoria com o deputado Vitor Valim, dentre outros parlamentares, torna obrigat\u00f3ria a utiliza\u00e7\u00e3o de m\u00e1scaras de prote\u00e7\u00e3o pela popula\u00e7\u00e3o de modo geral em espa\u00e7os de uso p\u00fablico e privado no Cear\u00e1, enquanto perdurar o estado de calamidade p\u00fablica.<\/p>\n\n\n\n<p>Segundo Walter Cavalcante, a utiliza\u00e7\u00e3o de m\u00e1scaras cont\u00ednuas em espa\u00e7o de uso p\u00fablico, como ruas, pra\u00e7as, e transportes p\u00fablicos coletivos e cong\u00eaneres, bem como nos espa\u00e7os privados, \u00e0 exemplo de \u00e1reas comuns de condom\u00ednios e pr\u00e9dios comerciais como forma preventiva, torna-se neste momento delicado uma decis\u00e3o protecionista \u00e0 popula\u00e7\u00e3o de modo em geral, como forma de frear a dissemina\u00e7\u00e3o da pandemia do novo Coronav\u00edrus no Estado. \u201cO uso de m\u00e1scaras de prote\u00e7\u00e3o, juntamente com a higiene das m\u00e3os s\u00e3o eficientes para retardar a propaga\u00e7\u00e3o exponencial do Coronav\u00edrus\u201d, garante.<\/p>\n\n\n\n<figure class=\"wp-block-gallery columns-1 is-cropped wp-block-gallery-1 is-layout-flex wp-block-gallery-is-layout-flex\"><ul class=\"blocks-gallery-grid\"><li class=\"blocks-gallery-item\"><figure><img loading=\"lazy\" decoding=\"async\" width=\"900\" height=\"600\" src=\"http:\/\/blogdorogeriogomes.com.br\/wp-content\/uploads\/2020\/06\/Walter-Cavalcante-AL.jpg\" alt=\"\" data-id=\"17313\" data-full-url=\"http:\/\/blogdorogeriogomes.com.br\/wp-content\/uploads\/2020\/06\/Walter-Cavalcante-AL.jpg\" data-link=\"http:\/\/blogdorogeriogomes.com.br\/?attachment_id=17313\" class=\"wp-image-17313\" srcset=\"https:\/\/blogdorogeriogomes.com.br\/noticias\/wp-content\/uploads\/2020\/06\/Walter-Cavalcante-AL.jpg 900w, https:\/\/blogdorogeriogomes.com.br\/noticias\/wp-content\/uploads\/2020\/06\/Walter-Cavalcante-AL-300x200.jpg 300w, https:\/\/blogdorogeriogomes.com.br\/noticias\/wp-content\/uploads\/2020\/06\/Walter-Cavalcante-AL-768x512.jpg 768w, https:\/\/blogdorogeriogomes.com.br\/noticias\/wp-content\/uploads\/2020\/06\/Walter-Cavalcante-AL-800x533.jpg 800w\" sizes=\"auto, (max-width: 900px) 100vw, 900px\" \/><\/figure><\/li><\/ul><\/figure>\n","protected":false},"excerpt":{"rendered":"<p>A Assembleia Legislativa do Cear\u00e1 continua atuando de forma virtual na an\u00e1lise de projetos de combate \u00e0 pandemia da Covid-19. S\u00f3 o deputado estadual Walter Cavalcante (MDB) participou de cinco projetos relacionados \u00e0s medidas de preven\u00e7\u00e3o e combate ao novo Coronav\u00edrus, aprovados nesta quinta-feira, dia 25 de junho. Um dos projetos, em coautoria com o deputado Vitor Valim, dentre outros parlamentares, torna obrigat\u00f3ria a utiliza\u00e7\u00e3o de m\u00e1scaras de prote\u00e7\u00e3o pela popula\u00e7\u00e3o de modo geral em espa\u00e7os de uso p\u00fablico&hellip;<\/p>\n","protected":false},"author":1,"featured_media":17313,"comment_status":"open","ping_status":"open","sticky":false,"template":"","format":"standard","meta":{"footnotes":""},"categories":[1],"tags":[],"class_list":["post-17312","post","type-post","status-publish","format-standard","has-post-thumbnail","hentry","category-noticias"],"_links":{"self":[{"href":"https:\/\/blogdorogeriogomes.com.br\/noticias\/wp-json\/wp\/v2\/posts\/17312","targetHints":{"allow":["GET"]}}],"collection":[{"href":"https:\/\/blogdorogeriogomes.com.br\/noticias\/wp-json\/wp\/v2\/posts"}],"about":[{"href":"https:\/\/blogdorogeriogomes.com.br\/noticias\/wp-json\/wp\/v2\/types\/post"}],"author":[{"embeddable":true,"href":"https:\/\/blogdorogeriogomes.com.br\/noticias\/wp-json\/wp\/v2\/users\/1"}],"replies":[{"embeddable":true,"href":"https:\/\/blogdorogeriogomes.com.br\/noticias\/wp-json\/wp\/v2\/comments?post=17312"}],"version-history":[{"count":1,"href":"https:\/\/blogdorogeriogomes.com.br\/noticias\/wp-json\/wp\/v2\/posts\/17312\/revisions"}],"predecessor-version":[{"id":17314,"href":"https:\/\/blogdorogeriogomes.com.br\/noticias\/wp-json\/wp\/v2\/posts\/17312\/revisions\/17314"}],"wp:featuredmedia":[{"embeddable":true,"href":"https:\/\/blogdorogeriogomes.com.br\/noticias\/wp-json\/wp\/v2\/media\/17313"}],"wp:attachment":[{"href":"https:\/\/blogdorogeriogomes.com.br\/noticias\/wp-json\/wp\/v2\/media?parent=17312"}],"wp:term":[{"taxonomy":"category","embeddable":true,"href":"https:\/\/blogdorogeriogomes.com.br\/noticias\/wp-json\/wp\/v2\/categories?post=17312"},{"taxonomy":"post_tag","embeddable":true,"href":"https:\/\/blogdorogeriogomes.com.br\/noticias\/wp-json\/wp\/v2\/tags?post=17312"}],"curies":[{"name":"wp","href":"https:\/\/api.w.org\/{rel}","templated":true}]}}