{"id":17319,"date":"2020-06-27T11:54:41","date_gmt":"2020-06-27T11:54:41","guid":{"rendered":"http:\/\/blogdorogeriogomes.com.br\/?p=17319"},"modified":"2020-06-29T08:31:04","modified_gmt":"2020-06-29T08:31:04","slug":"ato-politico-virtual-reuniu-mais-de-100-liderancas-da-oposicao-contra-as-acoes-do-governo-bolsonaro","status":"publish","type":"post","link":"https:\/\/blogdorogeriogomes.com.br\/noticias\/2020\/06\/ato-politico-virtual-reuniu-mais-de-100-liderancas-da-oposicao-contra-as-acoes-do-governo-bolsonaro\/","title":{"rendered":"Ato pol\u00edtico virtual reuniu mais de 100 lideran\u00e7as da oposi\u00e7\u00e3o contra as a\u00e7\u00f5es do Governo Bolsonaro"},"content":{"rendered":"\n<p>Mais de 100 lideran\u00e7as pol\u00edticas de diferentes partidos e membros da sociedade civil realizaram o ato p\u00fablico virtual Direitos J\u00e1 &#8211; F\u00f3rum pela Democracia, na noite desta sexta-feira, dia 26 de junho, contra as a\u00e7\u00f5es do Governo Bolsonaro e em defesa da democracia. No palanque virtual estiveram pela primeira vez juntos os ex-presidenci\u00e1veis Fernando Haddad (PT), Geraldo Alckmin (PSDB), Ciro Gomes (PDT), Marina Silva (Rede), Guilherme Boulos (PSOL), o ex-presidente Fernando Henrique Cardoso (PSDB), o apresentador Luciano Huck, al\u00e9m de governadores e ex-governadores do PT, PSDB e presidentes de 16 partidos. O governador do Cear\u00e1, Camilo Santana (PT), tamb\u00e9m participou do ato.<\/p>\n\n\n\n<p>V\u00e1rios participantes do Direitos J\u00e1 defendem um processo de impeachment de Jair Bolsonaro. Na C\u00e2mara dos Deputados j\u00e1 h\u00e1 mais de 40 pedidos a serem analisados pelo presidente Rodrigo Maia (DEM).<\/p>\n\n\n\n<p>O ex-prefeito de S\u00e3o Paulo, Fernando Haddad (PT), disse que o presidente Jair Bolsonaro est\u00e1 &#8220;acuado&#8221; e comete crimes de responsabilidade &#8220;semanalmente&#8221;. Haddad defendeu o ex-presidente Luiz In\u00e1cio Lula da Silva, que deveria, segundo ele, ter seus direitos pol\u00edticos de volta. Lula n\u00e3o participou do ato virtual.<\/p>\n\n\n\n<figure class=\"wp-block-gallery columns-1 is-cropped wp-block-gallery-1 is-layout-flex wp-block-gallery-is-layout-flex\"><ul class=\"blocks-gallery-grid\"><li class=\"blocks-gallery-item\"><figure><img loading=\"lazy\" decoding=\"async\" width=\"450\" height=\"337\" src=\"http:\/\/blogdorogeriogomes.com.br\/wp-content\/uploads\/2020\/06\/26jun2020-politicos-e-personalidades-participam-de-movimento-virtual-em-defesa-da-democracia-direitos-ja-1593221861834_v2_450x337.jpg\" alt=\"\" data-id=\"17320\" data-full-url=\"http:\/\/blogdorogeriogomes.com.br\/wp-content\/uploads\/2020\/06\/26jun2020-politicos-e-personalidades-participam-de-movimento-virtual-em-defesa-da-democracia-direitos-ja-1593221861834_v2_450x337.jpg\" data-link=\"http:\/\/blogdorogeriogomes.com.br\/?attachment_id=17320\" class=\"wp-image-17320\" srcset=\"https:\/\/blogdorogeriogomes.com.br\/noticias\/wp-content\/uploads\/2020\/06\/26jun2020-politicos-e-personalidades-participam-de-movimento-virtual-em-defesa-da-democracia-direitos-ja-1593221861834_v2_450x337.jpg 450w, https:\/\/blogdorogeriogomes.com.br\/noticias\/wp-content\/uploads\/2020\/06\/26jun2020-politicos-e-personalidades-participam-de-movimento-virtual-em-defesa-da-democracia-direitos-ja-1593221861834_v2_450x337-300x225.jpg 300w, https:\/\/blogdorogeriogomes.com.br\/noticias\/wp-content\/uploads\/2020\/06\/26jun2020-politicos-e-personalidades-participam-de-movimento-virtual-em-defesa-da-democracia-direitos-ja-1593221861834_v2_450x337-400x300.jpg 400w\" sizes=\"auto, (max-width: 450px) 100vw, 450px\" \/><\/figure><\/li><\/ul><\/figure>\n","protected":false},"excerpt":{"rendered":"<p>Mais de 100 lideran\u00e7as pol\u00edticas de diferentes partidos e membros da sociedade civil realizaram o ato p\u00fablico virtual Direitos J\u00e1 &#8211; F\u00f3rum pela Democracia, na noite desta sexta-feira, dia 26 de junho, contra as a\u00e7\u00f5es do Governo Bolsonaro e em defesa da democracia. No palanque virtual estiveram pela primeira vez juntos os ex-presidenci\u00e1veis Fernando Haddad (PT), Geraldo Alckmin (PSDB), Ciro Gomes (PDT), Marina Silva (Rede), Guilherme Boulos (PSOL), o ex-presidente Fernando Henrique Cardoso (PSDB), o apresentador Luciano Huck, al\u00e9m&hellip;<\/p>\n","protected":false},"author":1,"featured_media":17320,"comment_status":"open","ping_status":"open","sticky":false,"template":"","format":"standard","meta":{"footnotes":""},"categories":[1],"tags":[],"class_list":["post-17319","post","type-post","status-publish","format-standard","has-post-thumbnail","hentry","category-noticias"],"_links":{"self":[{"href":"https:\/\/blogdorogeriogomes.com.br\/noticias\/wp-json\/wp\/v2\/posts\/17319","targetHints":{"allow":["GET"]}}],"collection":[{"href":"https:\/\/blogdorogeriogomes.com.br\/noticias\/wp-json\/wp\/v2\/posts"}],"about":[{"href":"https:\/\/blogdorogeriogomes.com.br\/noticias\/wp-json\/wp\/v2\/types\/post"}],"author":[{"embeddable":true,"href":"https:\/\/blogdorogeriogomes.com.br\/noticias\/wp-json\/wp\/v2\/users\/1"}],"replies":[{"embeddable":true,"href":"https:\/\/blogdorogeriogomes.com.br\/noticias\/wp-json\/wp\/v2\/comments?post=17319"}],"version-history":[{"count":1,"href":"https:\/\/blogdorogeriogomes.com.br\/noticias\/wp-json\/wp\/v2\/posts\/17319\/revisions"}],"predecessor-version":[{"id":17321,"href":"https:\/\/blogdorogeriogomes.com.br\/noticias\/wp-json\/wp\/v2\/posts\/17319\/revisions\/17321"}],"wp:featuredmedia":[{"embeddable":true,"href":"https:\/\/blogdorogeriogomes.com.br\/noticias\/wp-json\/wp\/v2\/media\/17320"}],"wp:attachment":[{"href":"https:\/\/blogdorogeriogomes.com.br\/noticias\/wp-json\/wp\/v2\/media?parent=17319"}],"wp:term":[{"taxonomy":"category","embeddable":true,"href":"https:\/\/blogdorogeriogomes.com.br\/noticias\/wp-json\/wp\/v2\/categories?post=17319"},{"taxonomy":"post_tag","embeddable":true,"href":"https:\/\/blogdorogeriogomes.com.br\/noticias\/wp-json\/wp\/v2\/tags?post=17319"}],"curies":[{"name":"wp","href":"https:\/\/api.w.org\/{rel}","templated":true}]}}