{"id":17322,"date":"2020-06-28T11:42:28","date_gmt":"2020-06-28T11:42:28","guid":{"rendered":"http:\/\/blogdorogeriogomes.com.br\/?p=17322"},"modified":"2020-06-29T08:33:19","modified_gmt":"2020-06-29T08:33:19","slug":"aumenta-o-numero-de-municipios-cearenses-em-lockdown-por-causa-do-novo-coronavirus","status":"publish","type":"post","link":"https:\/\/blogdorogeriogomes.com.br\/noticias\/2020\/06\/aumenta-o-numero-de-municipios-cearenses-em-lockdown-por-causa-do-novo-coronavirus\/","title":{"rendered":"Aumenta o n\u00famero de munic\u00edpios cearenses em &#8220;lockdown&#8221; por causa do novo coronav\u00edrus"},"content":{"rendered":"\n<p>O governador do Cear\u00e1, Camilo Santana, aumentou o n\u00famero de munic\u00edpios do interior em &#8220;lockdown&#8221; por causa do crescimento de casos da Covid-19. Al\u00e9m de Juazeiro do Norte, Sobral e Iguatu, entram tamb\u00e9m com regras de isolamento r\u00edgido as cidades de Tiangu\u00e1, na Serra de Ibiapaba; Crato e Barbalha, na regi\u00e3o do Cariri); Brejo Santo e Canind\u00e9. O novo decreto governamental passa a vigorar a partir desta segunda-feira, dia 29 de junho.<\/p>\n\n\n\n<p>Camilo Santana tamb\u00e9m ressaltou que n\u00e3o h\u00e1 datas definidas ainda para o retorno das aulas na rede p\u00fablica e particular. Havia uma sinaliza\u00e7\u00e3o da voltas das atividades presenciais em 20 de julho. Outra informa\u00e7\u00e3o repassada pelo governador do Cear\u00e1 \u00e9 que n\u00e3o h\u00e1 nenhuma possibilidade do retorno dos jogos de futebol pelo Campeonato Cearense em 6 de julho, como vinha sendo especulado entre os dirigentes de times. &nbsp;&#8220;N\u00e3o h\u00e1 nenhuma data definida. Tudo ser\u00e1 feito com crit\u00e9rio e responsabilidade&#8221;, afirmou.<\/p>\n\n\n\n<p>At\u00e9 este s\u00e1bado, dia 27 de junho, o Cear\u00e1 somava 107.064 casos e 5.987 mortes por coronav\u00edrus. O balan\u00e7o mostra 80.516 pessoas recuperadas da doen\u00e7a no estado.<\/p>\n\n\n\n<figure class=\"wp-block-gallery columns-1 is-cropped wp-block-gallery-1 is-layout-flex wp-block-gallery-is-layout-flex\"><ul class=\"blocks-gallery-grid\"><li class=\"blocks-gallery-item\"><figure><img loading=\"lazy\" decoding=\"async\" width=\"678\" height=\"452\" src=\"http:\/\/blogdorogeriogomes.com.br\/wp-content\/uploads\/2020\/06\/images-34.jpeg\" alt=\"\" data-id=\"17323\" data-full-url=\"http:\/\/blogdorogeriogomes.com.br\/wp-content\/uploads\/2020\/06\/images-34.jpeg\" data-link=\"http:\/\/blogdorogeriogomes.com.br\/?attachment_id=17323\" class=\"wp-image-17323\" srcset=\"https:\/\/blogdorogeriogomes.com.br\/noticias\/wp-content\/uploads\/2020\/06\/images-34.jpeg 678w, https:\/\/blogdorogeriogomes.com.br\/noticias\/wp-content\/uploads\/2020\/06\/images-34-300x200.jpeg 300w\" sizes=\"auto, (max-width: 678px) 100vw, 678px\" \/><\/figure><\/li><\/ul><\/figure>\n","protected":false},"excerpt":{"rendered":"<p>O governador do Cear\u00e1, Camilo Santana, aumentou o n\u00famero de munic\u00edpios do interior em &#8220;lockdown&#8221; por causa do crescimento de casos da Covid-19. Al\u00e9m de Juazeiro do Norte, Sobral e Iguatu, entram tamb\u00e9m com regras de isolamento r\u00edgido as cidades de Tiangu\u00e1, na Serra de Ibiapaba; Crato e Barbalha, na regi\u00e3o do Cariri); Brejo Santo e Canind\u00e9. O novo decreto governamental passa a vigorar a partir desta segunda-feira, dia 29 de junho. Camilo Santana tamb\u00e9m ressaltou que n\u00e3o h\u00e1&hellip;<\/p>\n","protected":false},"author":1,"featured_media":17323,"comment_status":"open","ping_status":"open","sticky":false,"template":"","format":"standard","meta":{"footnotes":""},"categories":[1],"tags":[],"class_list":["post-17322","post","type-post","status-publish","format-standard","has-post-thumbnail","hentry","category-noticias"],"_links":{"self":[{"href":"https:\/\/blogdorogeriogomes.com.br\/noticias\/wp-json\/wp\/v2\/posts\/17322","targetHints":{"allow":["GET"]}}],"collection":[{"href":"https:\/\/blogdorogeriogomes.com.br\/noticias\/wp-json\/wp\/v2\/posts"}],"about":[{"href":"https:\/\/blogdorogeriogomes.com.br\/noticias\/wp-json\/wp\/v2\/types\/post"}],"author":[{"embeddable":true,"href":"https:\/\/blogdorogeriogomes.com.br\/noticias\/wp-json\/wp\/v2\/users\/1"}],"replies":[{"embeddable":true,"href":"https:\/\/blogdorogeriogomes.com.br\/noticias\/wp-json\/wp\/v2\/comments?post=17322"}],"version-history":[{"count":2,"href":"https:\/\/blogdorogeriogomes.com.br\/noticias\/wp-json\/wp\/v2\/posts\/17322\/revisions"}],"predecessor-version":[{"id":17325,"href":"https:\/\/blogdorogeriogomes.com.br\/noticias\/wp-json\/wp\/v2\/posts\/17322\/revisions\/17325"}],"wp:featuredmedia":[{"embeddable":true,"href":"https:\/\/blogdorogeriogomes.com.br\/noticias\/wp-json\/wp\/v2\/media\/17323"}],"wp:attachment":[{"href":"https:\/\/blogdorogeriogomes.com.br\/noticias\/wp-json\/wp\/v2\/media?parent=17322"}],"wp:term":[{"taxonomy":"category","embeddable":true,"href":"https:\/\/blogdorogeriogomes.com.br\/noticias\/wp-json\/wp\/v2\/categories?post=17322"},{"taxonomy":"post_tag","embeddable":true,"href":"https:\/\/blogdorogeriogomes.com.br\/noticias\/wp-json\/wp\/v2\/tags?post=17322"}],"curies":[{"name":"wp","href":"https:\/\/api.w.org\/{rel}","templated":true}]}}