{"id":17328,"date":"2020-06-29T09:58:50","date_gmt":"2020-06-29T09:58:50","guid":{"rendered":"http:\/\/blogdorogeriogomes.com.br\/?p=17328"},"modified":"2020-06-29T18:37:30","modified_gmt":"2020-06-29T18:37:30","slug":"novas-datas-para-as-eleicoes-municipais-devem-ser-votadas-nesta-semana-na-camara-dos-deputados","status":"publish","type":"post","link":"https:\/\/blogdorogeriogomes.com.br\/noticias\/2020\/06\/novas-datas-para-as-eleicoes-municipais-devem-ser-votadas-nesta-semana-na-camara-dos-deputados\/","title":{"rendered":"Novas datas para as elei\u00e7\u00f5es municipais devem ser votadas nesta semana na C\u00e2mara dos Deputados"},"content":{"rendered":"\n<p>J\u00e1 aprovada no Senado, a proposta de adiamento das elei\u00e7\u00f5es municipais de 2020 deve entrar na pauta da C\u00e2mara dos Deputados nesta semana. L\u00edderes partid\u00e1rios e o presidente Rodrigo Maia (DEM-RJ) conversam para buscar uma sa\u00edda depois que o chamado Centr\u00e3o, pressionado por prefeitos, passou a se opor \u00e0 proposta aprovada pelo Senado na semana passada que adia para 15 e 29 de novembro o primeiro e o segundo turnos da disputa municipal &#8211; as datas oficiais s\u00e3o 4 e 25 de outubro.<\/p>\n\n\n\n<p>Por enquanto, a solu\u00e7\u00e3o encontrada \u00e9 abastecer os cofres das prefeituras com a recomposi\u00e7\u00e3o do Fundo de Participa\u00e7\u00e3o dos Munic\u00edpios (FPM) e ainda aprovar inser\u00e7\u00f5es de pe\u00e7as partid\u00e1rias em r\u00e1dio e TV neste ano.<\/p>\n\n\n\n<figure class=\"wp-block-gallery columns-1 is-cropped wp-block-gallery-1 is-layout-flex wp-block-gallery-is-layout-flex\"><ul class=\"blocks-gallery-grid\"><li class=\"blocks-gallery-item\"><figure><img loading=\"lazy\" decoding=\"async\" width=\"1024\" height=\"683\" src=\"http:\/\/blogdorogeriogomes.com.br\/wp-content\/uploads\/2020\/06\/15931263935ef52df9d8311_1593126393_3x2_lg.jpg\" alt=\"\" data-id=\"17329\" data-full-url=\"http:\/\/blogdorogeriogomes.com.br\/wp-content\/uploads\/2020\/06\/15931263935ef52df9d8311_1593126393_3x2_lg.jpg\" data-link=\"http:\/\/blogdorogeriogomes.com.br\/?attachment_id=17329\" class=\"wp-image-17329\" srcset=\"https:\/\/blogdorogeriogomes.com.br\/noticias\/wp-content\/uploads\/2020\/06\/15931263935ef52df9d8311_1593126393_3x2_lg.jpg 1024w, https:\/\/blogdorogeriogomes.com.br\/noticias\/wp-content\/uploads\/2020\/06\/15931263935ef52df9d8311_1593126393_3x2_lg-300x200.jpg 300w, https:\/\/blogdorogeriogomes.com.br\/noticias\/wp-content\/uploads\/2020\/06\/15931263935ef52df9d8311_1593126393_3x2_lg-768x512.jpg 768w, https:\/\/blogdorogeriogomes.com.br\/noticias\/wp-content\/uploads\/2020\/06\/15931263935ef52df9d8311_1593126393_3x2_lg-800x534.jpg 800w\" sizes=\"auto, (max-width: 1024px) 100vw, 1024px\" \/><\/figure><\/li><\/ul><\/figure>\n\n\n\n<p><\/p>\n","protected":false},"excerpt":{"rendered":"<p>J\u00e1 aprovada no Senado, a proposta de adiamento das elei\u00e7\u00f5es municipais de 2020 deve entrar na pauta da C\u00e2mara dos Deputados nesta semana. L\u00edderes partid\u00e1rios e o presidente Rodrigo Maia (DEM-RJ) conversam para buscar uma sa\u00edda depois que o chamado Centr\u00e3o, pressionado por prefeitos, passou a se opor \u00e0 proposta aprovada pelo Senado na semana passada que adia para 15 e 29 de novembro o primeiro e o segundo turnos da disputa municipal &#8211; as datas oficiais s\u00e3o 4&hellip;<\/p>\n","protected":false},"author":1,"featured_media":17329,"comment_status":"open","ping_status":"open","sticky":false,"template":"","format":"standard","meta":{"footnotes":""},"categories":[1],"tags":[],"class_list":["post-17328","post","type-post","status-publish","format-standard","has-post-thumbnail","hentry","category-noticias"],"_links":{"self":[{"href":"https:\/\/blogdorogeriogomes.com.br\/noticias\/wp-json\/wp\/v2\/posts\/17328","targetHints":{"allow":["GET"]}}],"collection":[{"href":"https:\/\/blogdorogeriogomes.com.br\/noticias\/wp-json\/wp\/v2\/posts"}],"about":[{"href":"https:\/\/blogdorogeriogomes.com.br\/noticias\/wp-json\/wp\/v2\/types\/post"}],"author":[{"embeddable":true,"href":"https:\/\/blogdorogeriogomes.com.br\/noticias\/wp-json\/wp\/v2\/users\/1"}],"replies":[{"embeddable":true,"href":"https:\/\/blogdorogeriogomes.com.br\/noticias\/wp-json\/wp\/v2\/comments?post=17328"}],"version-history":[{"count":1,"href":"https:\/\/blogdorogeriogomes.com.br\/noticias\/wp-json\/wp\/v2\/posts\/17328\/revisions"}],"predecessor-version":[{"id":17330,"href":"https:\/\/blogdorogeriogomes.com.br\/noticias\/wp-json\/wp\/v2\/posts\/17328\/revisions\/17330"}],"wp:featuredmedia":[{"embeddable":true,"href":"https:\/\/blogdorogeriogomes.com.br\/noticias\/wp-json\/wp\/v2\/media\/17329"}],"wp:attachment":[{"href":"https:\/\/blogdorogeriogomes.com.br\/noticias\/wp-json\/wp\/v2\/media?parent=17328"}],"wp:term":[{"taxonomy":"category","embeddable":true,"href":"https:\/\/blogdorogeriogomes.com.br\/noticias\/wp-json\/wp\/v2\/categories?post=17328"},{"taxonomy":"post_tag","embeddable":true,"href":"https:\/\/blogdorogeriogomes.com.br\/noticias\/wp-json\/wp\/v2\/tags?post=17328"}],"curies":[{"name":"wp","href":"https:\/\/api.w.org\/{rel}","templated":true}]}}