{"id":17338,"date":"2020-06-29T19:51:05","date_gmt":"2020-06-29T19:51:05","guid":{"rendered":"http:\/\/blogdorogeriogomes.com.br\/?p=17338"},"modified":"2020-06-30T11:23:01","modified_gmt":"2020-06-30T11:23:01","slug":"apos-denuncias-de-fraude-em-curriculo-planalto-suspende-posse-do-novo-ministro-da-educacao","status":"publish","type":"post","link":"https:\/\/blogdorogeriogomes.com.br\/noticias\/2020\/06\/apos-denuncias-de-fraude-em-curriculo-planalto-suspende-posse-do-novo-ministro-da-educacao\/","title":{"rendered":"Ap\u00f3s den\u00fancias de fraude em curr\u00edculo, Planalto suspende posse do novo ministro da Educa\u00e7\u00e3o"},"content":{"rendered":"\n<p>Sem nem tomar posse, o novo ministro da Educa\u00e7\u00e3o j\u00e1 causa pol\u00eamica por causa de den\u00fancias de fraude no seu curr\u00edculo. Marcada para ter\u00e7a-feira, dia 30 de junho, a posse do novo ministro da Educa\u00e7\u00e3o, Carlos Alberto Decotelli da Silva, foi adiada e, ainda, n\u00e3o h\u00e1 nova data para acontecer. Os problemas come\u00e7aram a acontecer ap\u00f3s den\u00fancias sobre irregularidades na conclus\u00e3o do seu doutorado e mestrado.<\/p>\n\n\n\n<p>Primeiro, o t\u00edtulo de doutor do novo ministro da Educa\u00e7\u00e3o foi questionado por Franco Bartolacci, reitor da Universidade Nacional de Ros\u00e1rio, que disse que Decotelli n\u00e3o conclui o doutorado. Depois, a disserta\u00e7\u00e3o de mestrado do ministro tamb\u00e9m foi colocada sob suspeita ap\u00f3s o economista Thomas Conti apontar poss\u00edveis ind\u00edcios de c\u00f3pia no trabalho de 2008. <\/p>\n\n\n\n<p>Com as revela\u00e7\u00f5es de fraudes no curr\u00edculo acad\u00eamico do ministro Carlos Alberto Decotelli, integrantes da ala militar do governo retiraram o apoio ao substituto de Abraham Weintraub. O Governo Bolsonaro agora est\u00e1 repensando se vai manter Carlos Alberto Decotelli no cargo.<\/p>\n\n\n\n<figure class=\"wp-block-gallery columns-1 is-cropped wp-block-gallery-1 is-layout-flex wp-block-gallery-is-layout-flex\"><ul class=\"blocks-gallery-grid\"><li class=\"blocks-gallery-item\"><figure><img loading=\"lazy\" decoding=\"async\" width=\"551\" height=\"252\" src=\"http:\/\/blogdorogeriogomes.com.br\/wp-content\/uploads\/2020\/06\/images-2-5.jpeg\" alt=\"\" data-id=\"17339\" data-full-url=\"http:\/\/blogdorogeriogomes.com.br\/wp-content\/uploads\/2020\/06\/images-2-5.jpeg\" data-link=\"http:\/\/blogdorogeriogomes.com.br\/?attachment_id=17339\" class=\"wp-image-17339\" srcset=\"https:\/\/blogdorogeriogomes.com.br\/noticias\/wp-content\/uploads\/2020\/06\/images-2-5.jpeg 551w, https:\/\/blogdorogeriogomes.com.br\/noticias\/wp-content\/uploads\/2020\/06\/images-2-5-300x137.jpeg 300w\" sizes=\"auto, (max-width: 551px) 100vw, 551px\" \/><\/figure><\/li><\/ul><\/figure>\n\n\n\n<p><\/p>\n","protected":false},"excerpt":{"rendered":"<p>Sem nem tomar posse, o novo ministro da Educa\u00e7\u00e3o j\u00e1 causa pol\u00eamica por causa de den\u00fancias de fraude no seu curr\u00edculo. Marcada para ter\u00e7a-feira, dia 30 de junho, a posse do novo ministro da Educa\u00e7\u00e3o, Carlos Alberto Decotelli da Silva, foi adiada e, ainda, n\u00e3o h\u00e1 nova data para acontecer. Os problemas come\u00e7aram a acontecer ap\u00f3s den\u00fancias sobre irregularidades na conclus\u00e3o do seu doutorado e mestrado. Primeiro, o t\u00edtulo de doutor do novo ministro da Educa\u00e7\u00e3o foi questionado por&hellip;<\/p>\n","protected":false},"author":1,"featured_media":17339,"comment_status":"open","ping_status":"open","sticky":false,"template":"","format":"standard","meta":{"footnotes":""},"categories":[1],"tags":[],"class_list":["post-17338","post","type-post","status-publish","format-standard","has-post-thumbnail","hentry","category-noticias"],"_links":{"self":[{"href":"https:\/\/blogdorogeriogomes.com.br\/noticias\/wp-json\/wp\/v2\/posts\/17338","targetHints":{"allow":["GET"]}}],"collection":[{"href":"https:\/\/blogdorogeriogomes.com.br\/noticias\/wp-json\/wp\/v2\/posts"}],"about":[{"href":"https:\/\/blogdorogeriogomes.com.br\/noticias\/wp-json\/wp\/v2\/types\/post"}],"author":[{"embeddable":true,"href":"https:\/\/blogdorogeriogomes.com.br\/noticias\/wp-json\/wp\/v2\/users\/1"}],"replies":[{"embeddable":true,"href":"https:\/\/blogdorogeriogomes.com.br\/noticias\/wp-json\/wp\/v2\/comments?post=17338"}],"version-history":[{"count":1,"href":"https:\/\/blogdorogeriogomes.com.br\/noticias\/wp-json\/wp\/v2\/posts\/17338\/revisions"}],"predecessor-version":[{"id":17340,"href":"https:\/\/blogdorogeriogomes.com.br\/noticias\/wp-json\/wp\/v2\/posts\/17338\/revisions\/17340"}],"wp:featuredmedia":[{"embeddable":true,"href":"https:\/\/blogdorogeriogomes.com.br\/noticias\/wp-json\/wp\/v2\/media\/17339"}],"wp:attachment":[{"href":"https:\/\/blogdorogeriogomes.com.br\/noticias\/wp-json\/wp\/v2\/media?parent=17338"}],"wp:term":[{"taxonomy":"category","embeddable":true,"href":"https:\/\/blogdorogeriogomes.com.br\/noticias\/wp-json\/wp\/v2\/categories?post=17338"},{"taxonomy":"post_tag","embeddable":true,"href":"https:\/\/blogdorogeriogomes.com.br\/noticias\/wp-json\/wp\/v2\/tags?post=17338"}],"curies":[{"name":"wp","href":"https:\/\/api.w.org\/{rel}","templated":true}]}}