{"id":17341,"date":"2020-06-29T20:33:18","date_gmt":"2020-06-29T20:33:18","guid":{"rendered":"http:\/\/blogdorogeriogomes.com.br\/?p=17341"},"modified":"2020-06-30T11:22:45","modified_gmt":"2020-06-30T11:22:45","slug":"assembleia-legislativa-do-ceara-inicia-testagem-de-servidores-para-planejar-retomada-de-atividades-presenciais","status":"publish","type":"post","link":"https:\/\/blogdorogeriogomes.com.br\/noticias\/2020\/06\/assembleia-legislativa-do-ceara-inicia-testagem-de-servidores-para-planejar-retomada-de-atividades-presenciais\/","title":{"rendered":"Assembleia Legislativa do Cear\u00e1 inicia testagem de servidores para planejar retomada de atividades presenciais"},"content":{"rendered":"\n<p>A Assembleia Legislativa do Cear\u00e1 iniciou, nesta segunda-feira, dia 29 de junho, os preparativos para a retomada gradual das atividades presenciais da Casa, ainda sem data para ocorrer. Entre as medidas de seguran\u00e7a est\u00e3o a realiza\u00e7\u00e3o de testes r\u00e1pidos, sinaliza\u00e7\u00e3o com orienta\u00e7\u00f5es preventivas e de distanciamento e instala\u00e7\u00e3o de totens com \u00e1lcool em gel. Portaria da Mesa Diretora da Casa prorrogou o ponto facultativo na Assembleia Legislativa at\u00e9 5 de julho, dando continuidade \u00e0s a\u00e7\u00f5es de preven\u00e7\u00e3o da propaga\u00e7\u00e3o do novo coronav\u00edrus.<\/p>\n\n\n\n<p>O presidente da Assembleia, deputado Jos\u00e9 Sarto (PDT), refor\u00e7a a inten\u00e7\u00e3o de fazer um retorno gradativo e respons\u00e1vel. Para ele, a testagem de servidores, iniciada nesta segunda, ser\u00e1 fundamental para detectar casos, especialmente os assintom\u00e1ticos, prevenindo novos cont\u00e1gios nos espa\u00e7os da Casa.<\/p>\n\n\n\n<p>&#8220;Ainda que n\u00e3o tenhamos uma data para o retorno efetivo, estamos preparando as condi\u00e7\u00f5es para que tudo aconte\u00e7a da forma mais segura para deputados, servidores, terceirizados e p\u00fablico visitante. Este momento exigir\u00e1 adapta\u00e7\u00e3o de todos n\u00f3s e n\u00e3o poderemos descuidar das medidas preventivas, como usar m\u00e1scaras, higienizar sempre as m\u00e3os e evitar aglomera\u00e7\u00f5es&#8221;, afirmou.<\/p>\n\n\n\n<p>A retomada das atividades na sede do Parlamento ocorrer\u00e1 com n\u00famero reduzido de servidores, que receber\u00e3o informa\u00e7\u00f5es sobre a jornada de trabalho e atuar\u00e3o em regime de revezamento. O home office tamb\u00e9m ser\u00e1 mantido nos casos avaliados como adequados. Servidores que integram o grupo de risco e aqueles que estiverem apresentando sintomas respirat\u00f3rios ser\u00e3o preservados e dever\u00e3o permanecer em casa, seguindo as recomenda\u00e7\u00f5es dos organismos de sa\u00fade.<\/p>\n\n\n\n<figure class=\"wp-block-gallery columns-1 is-cropped wp-block-gallery-1 is-layout-flex wp-block-gallery-is-layout-flex\"><ul class=\"blocks-gallery-grid\"><li class=\"blocks-gallery-item\"><figure><img loading=\"lazy\" decoding=\"async\" width=\"900\" height=\"600\" src=\"http:\/\/blogdorogeriogomes.com.br\/wp-content\/uploads\/2020\/06\/50b9129cc852b62a2778c0466bf2b982_XL.jpg\" alt=\"\" data-id=\"17342\" data-full-url=\"http:\/\/blogdorogeriogomes.com.br\/wp-content\/uploads\/2020\/06\/50b9129cc852b62a2778c0466bf2b982_XL.jpg\" data-link=\"http:\/\/blogdorogeriogomes.com.br\/?attachment_id=17342\" class=\"wp-image-17342\" srcset=\"https:\/\/blogdorogeriogomes.com.br\/noticias\/wp-content\/uploads\/2020\/06\/50b9129cc852b62a2778c0466bf2b982_XL.jpg 900w, https:\/\/blogdorogeriogomes.com.br\/noticias\/wp-content\/uploads\/2020\/06\/50b9129cc852b62a2778c0466bf2b982_XL-300x200.jpg 300w, https:\/\/blogdorogeriogomes.com.br\/noticias\/wp-content\/uploads\/2020\/06\/50b9129cc852b62a2778c0466bf2b982_XL-768x512.jpg 768w, https:\/\/blogdorogeriogomes.com.br\/noticias\/wp-content\/uploads\/2020\/06\/50b9129cc852b62a2778c0466bf2b982_XL-800x533.jpg 800w\" sizes=\"auto, (max-width: 900px) 100vw, 900px\" \/><\/figure><\/li><\/ul><\/figure>\n","protected":false},"excerpt":{"rendered":"<p>A Assembleia Legislativa do Cear\u00e1 iniciou, nesta segunda-feira, dia 29 de junho, os preparativos para a retomada gradual das atividades presenciais da Casa, ainda sem data para ocorrer. Entre as medidas de seguran\u00e7a est\u00e3o a realiza\u00e7\u00e3o de testes r\u00e1pidos, sinaliza\u00e7\u00e3o com orienta\u00e7\u00f5es preventivas e de distanciamento e instala\u00e7\u00e3o de totens com \u00e1lcool em gel. Portaria da Mesa Diretora da Casa prorrogou o ponto facultativo na Assembleia Legislativa at\u00e9 5 de julho, dando continuidade \u00e0s a\u00e7\u00f5es de preven\u00e7\u00e3o da propaga\u00e7\u00e3o&hellip;<\/p>\n","protected":false},"author":1,"featured_media":17342,"comment_status":"open","ping_status":"open","sticky":false,"template":"","format":"standard","meta":{"footnotes":""},"categories":[1],"tags":[],"class_list":["post-17341","post","type-post","status-publish","format-standard","has-post-thumbnail","hentry","category-noticias"],"_links":{"self":[{"href":"https:\/\/blogdorogeriogomes.com.br\/noticias\/wp-json\/wp\/v2\/posts\/17341","targetHints":{"allow":["GET"]}}],"collection":[{"href":"https:\/\/blogdorogeriogomes.com.br\/noticias\/wp-json\/wp\/v2\/posts"}],"about":[{"href":"https:\/\/blogdorogeriogomes.com.br\/noticias\/wp-json\/wp\/v2\/types\/post"}],"author":[{"embeddable":true,"href":"https:\/\/blogdorogeriogomes.com.br\/noticias\/wp-json\/wp\/v2\/users\/1"}],"replies":[{"embeddable":true,"href":"https:\/\/blogdorogeriogomes.com.br\/noticias\/wp-json\/wp\/v2\/comments?post=17341"}],"version-history":[{"count":1,"href":"https:\/\/blogdorogeriogomes.com.br\/noticias\/wp-json\/wp\/v2\/posts\/17341\/revisions"}],"predecessor-version":[{"id":17343,"href":"https:\/\/blogdorogeriogomes.com.br\/noticias\/wp-json\/wp\/v2\/posts\/17341\/revisions\/17343"}],"wp:featuredmedia":[{"embeddable":true,"href":"https:\/\/blogdorogeriogomes.com.br\/noticias\/wp-json\/wp\/v2\/media\/17342"}],"wp:attachment":[{"href":"https:\/\/blogdorogeriogomes.com.br\/noticias\/wp-json\/wp\/v2\/media?parent=17341"}],"wp:term":[{"taxonomy":"category","embeddable":true,"href":"https:\/\/blogdorogeriogomes.com.br\/noticias\/wp-json\/wp\/v2\/categories?post=17341"},{"taxonomy":"post_tag","embeddable":true,"href":"https:\/\/blogdorogeriogomes.com.br\/noticias\/wp-json\/wp\/v2\/tags?post=17341"}],"curies":[{"name":"wp","href":"https:\/\/api.w.org\/{rel}","templated":true}]}}