{"id":17344,"date":"2020-06-29T23:51:40","date_gmt":"2020-06-29T23:51:40","guid":{"rendered":"http:\/\/blogdorogeriogomes.com.br\/?p=17344"},"modified":"2020-06-30T11:22:28","modified_gmt":"2020-06-30T11:22:28","slug":"camilo-santana-e-roberto-claudio-alertam-para-o-risco-das-aglomeracoes-de-pessoas-em-fortaleza","status":"publish","type":"post","link":"https:\/\/blogdorogeriogomes.com.br\/noticias\/2020\/06\/camilo-santana-e-roberto-claudio-alertam-para-o-risco-das-aglomeracoes-de-pessoas-em-fortaleza\/","title":{"rendered":"Camilo Santana e Roberto Cl\u00e1udio alertam para o risco das aglomera\u00e7\u00f5es de pessoas em Fortaleza"},"content":{"rendered":"\n<p>Mesmo na Fase 2 de retomada econ\u00f4mica, Fortaleza tem registrado aglomera\u00e7\u00f5es de pessoas consideradas desnecess\u00e1rias pelas autoridades de sa\u00fade. O temor \u00e9 um aumento nos casos da Covid-19 e um consequente recuo nas medidas de relaxamento de isolamento social. &#8220;N\u00f3s temos ainda diariamente casos confirmados, infelizmente \u00f3bitos, pacientes sendo internados. A gente tem, h\u00e1 pelo menos cinco semanas, uma tend\u00eancia de queda, mas ainda estamos muito longe de estar vivendo uma situa\u00e7\u00e3o de normalidade&#8221;, alertou o prefeito de Fortaleza, Roberto Cl\u00e1udio.<\/p>\n\n\n\n<p>Fortaleza tem 35.081 pessoas infectadas pelo coronav\u00edrus e 3.276 mortes pela doen\u00e7a. No Cear\u00e1 s\u00e3o 6.076 \u00f3bitos, al\u00e9m de 108.225 casos confirmados da Covid-19.&nbsp;<\/p>\n\n\n\n<p>O governador do Cear\u00e1, Camilo Santana, ressaltou que se a popula\u00e7\u00e3o n\u00e3o tomar consci\u00eancia de evitar a circula\u00e7\u00e3o desnecess\u00e1rias, regras de isolamento podem voltar a ficar r\u00edgidas na Capital. &#8220;Tenho alertado que a situa\u00e7\u00e3o n\u00e3o \u00e9 de normalidade. A epidemia continua. O cen\u00e1rio ainda \u00e9 de preocupa\u00e7\u00e3o. Tenho visto imagens de aglomera\u00e7\u00f5es injustific\u00e1veis. \u00c9 preciso responsabilidade. Se n\u00e3o houver consci\u00eancia de todos, os n\u00fameros da Covid podem voltar a subir e o Processo de Retomada Econ\u00f4mica n\u00e3o avan\u00e7ar\u00e1, podendo, at\u00e9 mesmo, regredir e neg\u00f3cios serem novamente fechados, o que n\u00e3o queremos que ocorra&#8221;, afirmou Camilo.<\/p>\n\n\n\n<figure class=\"wp-block-image size-large\"><img loading=\"lazy\" decoding=\"async\" width=\"739\" height=\"415\" src=\"http:\/\/blogdorogeriogomes.com.br\/wp-content\/uploads\/2020\/06\/images-9-3.jpeg\" alt=\"\" class=\"wp-image-17345\" srcset=\"https:\/\/blogdorogeriogomes.com.br\/noticias\/wp-content\/uploads\/2020\/06\/images-9-3.jpeg 739w, https:\/\/blogdorogeriogomes.com.br\/noticias\/wp-content\/uploads\/2020\/06\/images-9-3-300x168.jpeg 300w\" sizes=\"auto, (max-width: 739px) 100vw, 739px\" \/><\/figure>\n","protected":false},"excerpt":{"rendered":"<p>Mesmo na Fase 2 de retomada econ\u00f4mica, Fortaleza tem registrado aglomera\u00e7\u00f5es de pessoas consideradas desnecess\u00e1rias pelas autoridades de sa\u00fade. O temor \u00e9 um aumento nos casos da Covid-19 e um consequente recuo nas medidas de relaxamento de isolamento social. &#8220;N\u00f3s temos ainda diariamente casos confirmados, infelizmente \u00f3bitos, pacientes sendo internados. A gente tem, h\u00e1 pelo menos cinco semanas, uma tend\u00eancia de queda, mas ainda estamos muito longe de estar vivendo uma situa\u00e7\u00e3o de normalidade&#8221;, alertou o prefeito de Fortaleza,&hellip;<\/p>\n","protected":false},"author":1,"featured_media":17345,"comment_status":"open","ping_status":"open","sticky":false,"template":"","format":"standard","meta":{"footnotes":""},"categories":[1],"tags":[],"class_list":["post-17344","post","type-post","status-publish","format-standard","has-post-thumbnail","hentry","category-noticias"],"_links":{"self":[{"href":"https:\/\/blogdorogeriogomes.com.br\/noticias\/wp-json\/wp\/v2\/posts\/17344","targetHints":{"allow":["GET"]}}],"collection":[{"href":"https:\/\/blogdorogeriogomes.com.br\/noticias\/wp-json\/wp\/v2\/posts"}],"about":[{"href":"https:\/\/blogdorogeriogomes.com.br\/noticias\/wp-json\/wp\/v2\/types\/post"}],"author":[{"embeddable":true,"href":"https:\/\/blogdorogeriogomes.com.br\/noticias\/wp-json\/wp\/v2\/users\/1"}],"replies":[{"embeddable":true,"href":"https:\/\/blogdorogeriogomes.com.br\/noticias\/wp-json\/wp\/v2\/comments?post=17344"}],"version-history":[{"count":1,"href":"https:\/\/blogdorogeriogomes.com.br\/noticias\/wp-json\/wp\/v2\/posts\/17344\/revisions"}],"predecessor-version":[{"id":17346,"href":"https:\/\/blogdorogeriogomes.com.br\/noticias\/wp-json\/wp\/v2\/posts\/17344\/revisions\/17346"}],"wp:featuredmedia":[{"embeddable":true,"href":"https:\/\/blogdorogeriogomes.com.br\/noticias\/wp-json\/wp\/v2\/media\/17345"}],"wp:attachment":[{"href":"https:\/\/blogdorogeriogomes.com.br\/noticias\/wp-json\/wp\/v2\/media?parent=17344"}],"wp:term":[{"taxonomy":"category","embeddable":true,"href":"https:\/\/blogdorogeriogomes.com.br\/noticias\/wp-json\/wp\/v2\/categories?post=17344"},{"taxonomy":"post_tag","embeddable":true,"href":"https:\/\/blogdorogeriogomes.com.br\/noticias\/wp-json\/wp\/v2\/tags?post=17344"}],"curies":[{"name":"wp","href":"https:\/\/api.w.org\/{rel}","templated":true}]}}