{"id":17347,"date":"2020-06-30T10:45:44","date_gmt":"2020-06-30T10:45:44","guid":{"rendered":"http:\/\/blogdorogeriogomes.com.br\/?p=17347"},"modified":"2020-06-30T11:22:10","modified_gmt":"2020-06-30T11:22:10","slug":"mercado-dos-peixes-em-fortaleza-passa-a-iniciativa-privada-a-partir-de-setembro","status":"publish","type":"post","link":"https:\/\/blogdorogeriogomes.com.br\/noticias\/2020\/06\/mercado-dos-peixes-em-fortaleza-passa-a-iniciativa-privada-a-partir-de-setembro\/","title":{"rendered":"Mercado dos Peixes em Fortaleza passa \u00e0 iniciativa privada a partir de setembro"},"content":{"rendered":"\n<p>A empresa Parkfor Estacionamento Solu\u00e7\u00f5es e Servi\u00e7os Eireli assume o controle do Mercado dos Peixes, na avenida Beira-Mar, em Fortaleza, a partir do m\u00eas de setembro. O equipamento est\u00e1 sendo repassado para o comando da iniciativa privada ap\u00f3s um lance de R$ 4 milh\u00f5es. A empresa ganhou o direito de administrar o equipamento por 18 anos.<\/p>\n\n\n\n<p>O contrato de concess\u00e3o deve ser assinado nos pr\u00f3ximos 15 dias e, ap\u00f3s um per\u00edodo de transi\u00e7\u00e3o de dois meses, a empresa assume o comando do equipamento. O valor da licita\u00e7\u00e3o ser\u00e1 pago pela concession\u00e1ria \u00e0 Prefeitura de Fortaleza em parcelas mensais ao longo da concess\u00e3o. O processo de privatiza\u00e7\u00e3o n\u00e3o altera a situa\u00e7\u00e3o dos atuais permission\u00e1rios que exploram a venda de peixes e crust\u00e1ceos, al\u00e9m dos restaurantes.<\/p>\n\n\n\n<figure class=\"wp-block-gallery columns-1 is-cropped wp-block-gallery-1 is-layout-flex wp-block-gallery-is-layout-flex\"><ul class=\"blocks-gallery-grid\"><li class=\"blocks-gallery-item\"><figure><img loading=\"lazy\" decoding=\"async\" width=\"710\" height=\"533\" src=\"http:\/\/blogdorogeriogomes.com.br\/wp-content\/uploads\/2020\/06\/Mercado-dos-Peixes.jpg\" alt=\"\" data-id=\"17348\" data-full-url=\"http:\/\/blogdorogeriogomes.com.br\/wp-content\/uploads\/2020\/06\/Mercado-dos-Peixes.jpg\" data-link=\"http:\/\/blogdorogeriogomes.com.br\/?attachment_id=17348\" class=\"wp-image-17348\" srcset=\"https:\/\/blogdorogeriogomes.com.br\/noticias\/wp-content\/uploads\/2020\/06\/Mercado-dos-Peixes.jpg 710w, https:\/\/blogdorogeriogomes.com.br\/noticias\/wp-content\/uploads\/2020\/06\/Mercado-dos-Peixes-300x225.jpg 300w, https:\/\/blogdorogeriogomes.com.br\/noticias\/wp-content\/uploads\/2020\/06\/Mercado-dos-Peixes-400x300.jpg 400w\" sizes=\"auto, (max-width: 710px) 100vw, 710px\" \/><\/figure><\/li><\/ul><\/figure>\n","protected":false},"excerpt":{"rendered":"<p>A empresa Parkfor Estacionamento Solu\u00e7\u00f5es e Servi\u00e7os Eireli assume o controle do Mercado dos Peixes, na avenida Beira-Mar, em Fortaleza, a partir do m\u00eas de setembro. O equipamento est\u00e1 sendo repassado para o comando da iniciativa privada ap\u00f3s um lance de R$ 4 milh\u00f5es. A empresa ganhou o direito de administrar o equipamento por 18 anos. O contrato de concess\u00e3o deve ser assinado nos pr\u00f3ximos 15 dias e, ap\u00f3s um per\u00edodo de transi\u00e7\u00e3o de dois meses, a empresa assume&hellip;<\/p>\n","protected":false},"author":1,"featured_media":17348,"comment_status":"open","ping_status":"open","sticky":false,"template":"","format":"standard","meta":{"footnotes":""},"categories":[1],"tags":[],"class_list":["post-17347","post","type-post","status-publish","format-standard","has-post-thumbnail","hentry","category-noticias"],"_links":{"self":[{"href":"https:\/\/blogdorogeriogomes.com.br\/noticias\/wp-json\/wp\/v2\/posts\/17347","targetHints":{"allow":["GET"]}}],"collection":[{"href":"https:\/\/blogdorogeriogomes.com.br\/noticias\/wp-json\/wp\/v2\/posts"}],"about":[{"href":"https:\/\/blogdorogeriogomes.com.br\/noticias\/wp-json\/wp\/v2\/types\/post"}],"author":[{"embeddable":true,"href":"https:\/\/blogdorogeriogomes.com.br\/noticias\/wp-json\/wp\/v2\/users\/1"}],"replies":[{"embeddable":true,"href":"https:\/\/blogdorogeriogomes.com.br\/noticias\/wp-json\/wp\/v2\/comments?post=17347"}],"version-history":[{"count":1,"href":"https:\/\/blogdorogeriogomes.com.br\/noticias\/wp-json\/wp\/v2\/posts\/17347\/revisions"}],"predecessor-version":[{"id":17349,"href":"https:\/\/blogdorogeriogomes.com.br\/noticias\/wp-json\/wp\/v2\/posts\/17347\/revisions\/17349"}],"wp:featuredmedia":[{"embeddable":true,"href":"https:\/\/blogdorogeriogomes.com.br\/noticias\/wp-json\/wp\/v2\/media\/17348"}],"wp:attachment":[{"href":"https:\/\/blogdorogeriogomes.com.br\/noticias\/wp-json\/wp\/v2\/media?parent=17347"}],"wp:term":[{"taxonomy":"category","embeddable":true,"href":"https:\/\/blogdorogeriogomes.com.br\/noticias\/wp-json\/wp\/v2\/categories?post=17347"},{"taxonomy":"post_tag","embeddable":true,"href":"https:\/\/blogdorogeriogomes.com.br\/noticias\/wp-json\/wp\/v2\/tags?post=17347"}],"curies":[{"name":"wp","href":"https:\/\/api.w.org\/{rel}","templated":true}]}}