{"id":17350,"date":"2020-06-30T11:03:26","date_gmt":"2020-06-30T11:03:26","guid":{"rendered":"http:\/\/blogdorogeriogomes.com.br\/?p=17350"},"modified":"2020-06-30T11:21:57","modified_gmt":"2020-06-30T11:21:57","slug":"celso-de-mello-vai-analisar-recurso-do-mp-do-rio-para-que-o-caso-das-rachadinhas-volte-para-a-primeira-instancia","status":"publish","type":"post","link":"https:\/\/blogdorogeriogomes.com.br\/noticias\/2020\/06\/celso-de-mello-vai-analisar-recurso-do-mp-do-rio-para-que-o-caso-das-rachadinhas-volte-para-a-primeira-instancia\/","title":{"rendered":"Celso de Mello vai analisar recurso do MP do Rio para que o caso das rachadinhas volte para a primeira inst\u00e2ncia"},"content":{"rendered":"\n<p>O ministro Celso de Mello, do Supremo Tribunal Federal (STF), foi designado o relator de a\u00e7\u00e3o apresentada pela Rede contra a decis\u00e3o que concedeu foro privilegiado ao senador Fl\u00e1vio Bolsonaro (Republicanos-RJ) no caso das &#8220;rachadinhas&#8221;. O Minist\u00e9rio P\u00fablico do Rio de Janeiro tamb\u00e9m apresentou reclama\u00e7\u00e3o ao STF contra o entendimento dos desembargadores para que o  caso volte a tramitar na primeira inst\u00e2ncia.<\/p>\n\n\n\n<p>J\u00e1 o ministro Alexandre de Moraes, do Supremo Tribunal Federal (STF), informou que s\u00f3 vai se posicionar sobre o compartilhamento de provas obtidas no inqu\u00e9rito das fake news com as a\u00e7\u00f5es eleitorais que buscam a cassa\u00e7\u00e3o da chapa presidencial de Jair Bolsonaro e Hamilton Mour\u00e3o depois que forem conclu\u00eddas as per\u00edcias no material apreendido e interceptado durante as investiga\u00e7\u00f5es. O que, segundo o ministro deve acontecer &#8216;brevemente&#8217;.<\/p>\n\n\n\n<figure class=\"wp-block-gallery columns-1 is-cropped wp-block-gallery-1 is-layout-flex wp-block-gallery-is-layout-flex\"><ul class=\"blocks-gallery-grid\"><li class=\"blocks-gallery-item\"><figure><img loading=\"lazy\" decoding=\"async\" width=\"672\" height=\"304\" src=\"http:\/\/blogdorogeriogomes.com.br\/wp-content\/uploads\/2020\/06\/images-3-3.jpeg\" alt=\"\" data-id=\"17351\" data-full-url=\"http:\/\/blogdorogeriogomes.com.br\/wp-content\/uploads\/2020\/06\/images-3-3.jpeg\" data-link=\"http:\/\/blogdorogeriogomes.com.br\/?attachment_id=17351\" class=\"wp-image-17351\" srcset=\"https:\/\/blogdorogeriogomes.com.br\/noticias\/wp-content\/uploads\/2020\/06\/images-3-3.jpeg 672w, https:\/\/blogdorogeriogomes.com.br\/noticias\/wp-content\/uploads\/2020\/06\/images-3-3-300x136.jpeg 300w\" sizes=\"auto, (max-width: 672px) 100vw, 672px\" \/><\/figure><\/li><\/ul><\/figure>\n","protected":false},"excerpt":{"rendered":"<p>O ministro Celso de Mello, do Supremo Tribunal Federal (STF), foi designado o relator de a\u00e7\u00e3o apresentada pela Rede contra a decis\u00e3o que concedeu foro privilegiado ao senador Fl\u00e1vio Bolsonaro (Republicanos-RJ) no caso das &#8220;rachadinhas&#8221;. O Minist\u00e9rio P\u00fablico do Rio de Janeiro tamb\u00e9m apresentou reclama\u00e7\u00e3o ao STF contra o entendimento dos desembargadores para que o caso volte a tramitar na primeira inst\u00e2ncia. J\u00e1 o ministro Alexandre de Moraes, do Supremo Tribunal Federal (STF), informou que s\u00f3 vai se posicionar&hellip;<\/p>\n","protected":false},"author":1,"featured_media":17351,"comment_status":"open","ping_status":"open","sticky":false,"template":"","format":"standard","meta":{"footnotes":""},"categories":[1],"tags":[],"class_list":["post-17350","post","type-post","status-publish","format-standard","has-post-thumbnail","hentry","category-noticias"],"_links":{"self":[{"href":"https:\/\/blogdorogeriogomes.com.br\/noticias\/wp-json\/wp\/v2\/posts\/17350","targetHints":{"allow":["GET"]}}],"collection":[{"href":"https:\/\/blogdorogeriogomes.com.br\/noticias\/wp-json\/wp\/v2\/posts"}],"about":[{"href":"https:\/\/blogdorogeriogomes.com.br\/noticias\/wp-json\/wp\/v2\/types\/post"}],"author":[{"embeddable":true,"href":"https:\/\/blogdorogeriogomes.com.br\/noticias\/wp-json\/wp\/v2\/users\/1"}],"replies":[{"embeddable":true,"href":"https:\/\/blogdorogeriogomes.com.br\/noticias\/wp-json\/wp\/v2\/comments?post=17350"}],"version-history":[{"count":1,"href":"https:\/\/blogdorogeriogomes.com.br\/noticias\/wp-json\/wp\/v2\/posts\/17350\/revisions"}],"predecessor-version":[{"id":17352,"href":"https:\/\/blogdorogeriogomes.com.br\/noticias\/wp-json\/wp\/v2\/posts\/17350\/revisions\/17352"}],"wp:featuredmedia":[{"embeddable":true,"href":"https:\/\/blogdorogeriogomes.com.br\/noticias\/wp-json\/wp\/v2\/media\/17351"}],"wp:attachment":[{"href":"https:\/\/blogdorogeriogomes.com.br\/noticias\/wp-json\/wp\/v2\/media?parent=17350"}],"wp:term":[{"taxonomy":"category","embeddable":true,"href":"https:\/\/blogdorogeriogomes.com.br\/noticias\/wp-json\/wp\/v2\/categories?post=17350"},{"taxonomy":"post_tag","embeddable":true,"href":"https:\/\/blogdorogeriogomes.com.br\/noticias\/wp-json\/wp\/v2\/tags?post=17350"}],"curies":[{"name":"wp","href":"https:\/\/api.w.org\/{rel}","templated":true}]}}