{"id":17359,"date":"2020-06-30T23:08:22","date_gmt":"2020-06-30T23:08:22","guid":{"rendered":"http:\/\/blogdorogeriogomes.com.br\/?p=17359"},"modified":"2020-07-01T14:32:20","modified_gmt":"2020-07-01T14:32:20","slug":"17359","status":"publish","type":"post","link":"https:\/\/blogdorogeriogomes.com.br\/noticias\/2020\/06\/17359\/","title":{"rendered":"Governo Federal anuncia mais duas parcelas do aux\u00edlio emergencial de R$ 600, mas com pagamentos parcelados"},"content":{"rendered":"\n<p>O presidente Jair Bolsonaro anunciou, nesta ter\u00e7a-feira, dia 30 de junho, a prorroga\u00e7\u00e3o do aux\u00edlio emergencial&nbsp;por mais dois meses. A proposta do ministro da Economia, Paulo Guedes, \u00e9 de duas parcelas em cada m\u00eas: a primeira de R$ 500 e a segunda de R$ 100, no primeiro m\u00eas; e duas de R$ 300 no segundo m\u00eas. O Governo Federal, no entanto, n\u00e3o definiu datas para o pagamento das parcelas adicionais.<\/p>\n\n\n\n<p>Ali\u00e1s, o pagamento das parcelas tem sido marcado por problemas na datas e tamb\u00e9m no cr\u00e9dito de quem j\u00e1 recebeu a primeira, mas ainda n\u00e3o teve acesso ao pagamento da segunda e terceira parcelas. A Caixa Econ\u00f4mica est\u00e1 tentando pagar a terceira parcela e de lotes residuais da primeira e segunda parcelas.<\/p>\n\n\n\n<p>O presidente da Caixa Econ\u00f4mica, Pedro Guimar\u00e3es, disse que quem j\u00e1 pediu o aux\u00edlio emergencial de R$ 600 e est\u00e1 recebendo n\u00e3o precisa fazer nada para ganhar as duas parcelas adicionais. O dep\u00f3sito ser\u00e1 feito automaticamente. <\/p>\n\n\n\n<p>Para a oposi\u00e7\u00e3o, a extens\u00e3o de apenas mais dois meses do aux\u00edlio emergencial \u00e9 insuficiente diante do aumento no desemprego no Pa\u00eds, por causa da pandemia do coronav\u00edrus. A defesa \u00e9 que o benef\u00edcio deveria ser pago at\u00e9 o fim do ano e o Governo Federal crie uma pol\u00edtica nacional de empregos visando n\u00e3o apenas \u00e0 retomada da economia, mas tamb\u00e9m a inclus\u00e3o de milh\u00f5es de trabalhadores de volta ao mercado de trabalho.<\/p>\n\n\n\n<figure class=\"wp-block-gallery columns-1 is-cropped wp-block-gallery-1 is-layout-flex wp-block-gallery-is-layout-flex\"><ul class=\"blocks-gallery-grid\"><li class=\"blocks-gallery-item\"><figure><img loading=\"lazy\" decoding=\"async\" width=\"715\" height=\"429\" src=\"http:\/\/blogdorogeriogomes.com.br\/wp-content\/uploads\/2020\/06\/images-1-5.jpeg\" alt=\"\" data-id=\"17360\" data-full-url=\"http:\/\/blogdorogeriogomes.com.br\/wp-content\/uploads\/2020\/06\/images-1-5.jpeg\" data-link=\"http:\/\/blogdorogeriogomes.com.br\/?attachment_id=17360\" class=\"wp-image-17360\" srcset=\"https:\/\/blogdorogeriogomes.com.br\/noticias\/wp-content\/uploads\/2020\/06\/images-1-5.jpeg 715w, https:\/\/blogdorogeriogomes.com.br\/noticias\/wp-content\/uploads\/2020\/06\/images-1-5-300x180.jpeg 300w\" sizes=\"auto, (max-width: 715px) 100vw, 715px\" \/><\/figure><\/li><\/ul><\/figure>\n","protected":false},"excerpt":{"rendered":"<p>O presidente Jair Bolsonaro anunciou, nesta ter\u00e7a-feira, dia 30 de junho, a prorroga\u00e7\u00e3o do aux\u00edlio emergencial&nbsp;por mais dois meses. A proposta do ministro da Economia, Paulo Guedes, \u00e9 de duas parcelas em cada m\u00eas: a primeira de R$ 500 e a segunda de R$ 100, no primeiro m\u00eas; e duas de R$ 300 no segundo m\u00eas. O Governo Federal, no entanto, n\u00e3o definiu datas para o pagamento das parcelas adicionais. Ali\u00e1s, o pagamento das parcelas tem sido marcado por&hellip;<\/p>\n","protected":false},"author":1,"featured_media":17360,"comment_status":"open","ping_status":"open","sticky":false,"template":"","format":"standard","meta":{"footnotes":""},"categories":[1],"tags":[],"class_list":["post-17359","post","type-post","status-publish","format-standard","has-post-thumbnail","hentry","category-noticias"],"_links":{"self":[{"href":"https:\/\/blogdorogeriogomes.com.br\/noticias\/wp-json\/wp\/v2\/posts\/17359","targetHints":{"allow":["GET"]}}],"collection":[{"href":"https:\/\/blogdorogeriogomes.com.br\/noticias\/wp-json\/wp\/v2\/posts"}],"about":[{"href":"https:\/\/blogdorogeriogomes.com.br\/noticias\/wp-json\/wp\/v2\/types\/post"}],"author":[{"embeddable":true,"href":"https:\/\/blogdorogeriogomes.com.br\/noticias\/wp-json\/wp\/v2\/users\/1"}],"replies":[{"embeddable":true,"href":"https:\/\/blogdorogeriogomes.com.br\/noticias\/wp-json\/wp\/v2\/comments?post=17359"}],"version-history":[{"count":2,"href":"https:\/\/blogdorogeriogomes.com.br\/noticias\/wp-json\/wp\/v2\/posts\/17359\/revisions"}],"predecessor-version":[{"id":17363,"href":"https:\/\/blogdorogeriogomes.com.br\/noticias\/wp-json\/wp\/v2\/posts\/17359\/revisions\/17363"}],"wp:featuredmedia":[{"embeddable":true,"href":"https:\/\/blogdorogeriogomes.com.br\/noticias\/wp-json\/wp\/v2\/media\/17360"}],"wp:attachment":[{"href":"https:\/\/blogdorogeriogomes.com.br\/noticias\/wp-json\/wp\/v2\/media?parent=17359"}],"wp:term":[{"taxonomy":"category","embeddable":true,"href":"https:\/\/blogdorogeriogomes.com.br\/noticias\/wp-json\/wp\/v2\/categories?post=17359"},{"taxonomy":"post_tag","embeddable":true,"href":"https:\/\/blogdorogeriogomes.com.br\/noticias\/wp-json\/wp\/v2\/tags?post=17359"}],"curies":[{"name":"wp","href":"https:\/\/api.w.org\/{rel}","templated":true}]}}