{"id":17367,"date":"2020-07-01T09:26:13","date_gmt":"2020-07-01T09:26:13","guid":{"rendered":"http:\/\/blogdorogeriogomes.com.br\/?p=17367"},"modified":"2020-07-01T14:32:02","modified_gmt":"2020-07-01T14:32:02","slug":"tribunal-de-justica-do-ceara-prorroga-volta-das-atividades-presenciais-para-14-de-julho","status":"publish","type":"post","link":"https:\/\/blogdorogeriogomes.com.br\/noticias\/2020\/07\/tribunal-de-justica-do-ceara-prorroga-volta-das-atividades-presenciais-para-14-de-julho\/","title":{"rendered":"Tribunal de Justi\u00e7a do Cear\u00e1 prorroga volta das atividades presenciais para 14 de julho"},"content":{"rendered":"\n<p>O Tribunal de Justi\u00e7a do Cear\u00e1 (TJCE) decidiu prorrogar para o pr\u00f3ximo dia 14 de julho o in\u00edcio da primeira etapa do plano de retorno gradual \u00e0s atividades presenciais no Poder Judici\u00e1rio do Estado. A proposta inicial era de volta as atividades presenciais j\u00e1 nesta quarta-feira, dia 1\u00b0 de julho. A decis\u00e3o foi tomada pelo presidente do TJCE, desembargador Washington Ara\u00fajo, ap\u00f3s consulta ao Grupo de Trabalho respons\u00e1vel pela implementa\u00e7\u00e3o das medidas de retomada.<\/p>\n\n\n\n<p> De acordo com o comando do TJCE, h\u00e1 a &#8220;necessidade de realiza\u00e7\u00e3o de alguns ajustes na vers\u00e3o inicial do plano, de acordo com recomenda\u00e7\u00f5es da Secretaria de Sa\u00fade do Estado do Cear\u00e1&#8221;.<\/p>\n\n\n\n<figure class=\"wp-block-gallery columns-1 is-cropped wp-block-gallery-1 is-layout-flex wp-block-gallery-is-layout-flex\"><ul class=\"blocks-gallery-grid\"><li class=\"blocks-gallery-item\"><figure><img loading=\"lazy\" decoding=\"async\" width=\"652\" height=\"470\" src=\"http:\/\/blogdorogeriogomes.com.br\/wp-content\/uploads\/2020\/07\/images-2.jpeg\" alt=\"\" data-id=\"17368\" data-full-url=\"http:\/\/blogdorogeriogomes.com.br\/wp-content\/uploads\/2020\/07\/images-2.jpeg\" data-link=\"http:\/\/blogdorogeriogomes.com.br\/?attachment_id=17368\" class=\"wp-image-17368\" srcset=\"https:\/\/blogdorogeriogomes.com.br\/noticias\/wp-content\/uploads\/2020\/07\/images-2.jpeg 652w, https:\/\/blogdorogeriogomes.com.br\/noticias\/wp-content\/uploads\/2020\/07\/images-2-300x216.jpeg 300w\" sizes=\"auto, (max-width: 652px) 100vw, 652px\" \/><\/figure><\/li><\/ul><\/figure>\n\n\n\n<p><\/p>\n","protected":false},"excerpt":{"rendered":"<p>O Tribunal de Justi\u00e7a do Cear\u00e1 (TJCE) decidiu prorrogar para o pr\u00f3ximo dia 14 de julho o in\u00edcio da primeira etapa do plano de retorno gradual \u00e0s atividades presenciais no Poder Judici\u00e1rio do Estado. A proposta inicial era de volta as atividades presenciais j\u00e1 nesta quarta-feira, dia 1\u00b0 de julho. A decis\u00e3o foi tomada pelo presidente do TJCE, desembargador Washington Ara\u00fajo, ap\u00f3s consulta ao Grupo de Trabalho respons\u00e1vel pela implementa\u00e7\u00e3o das medidas de retomada. De acordo com o comando&hellip;<\/p>\n","protected":false},"author":1,"featured_media":17368,"comment_status":"open","ping_status":"open","sticky":false,"template":"","format":"standard","meta":{"footnotes":""},"categories":[1],"tags":[],"class_list":["post-17367","post","type-post","status-publish","format-standard","has-post-thumbnail","hentry","category-noticias"],"_links":{"self":[{"href":"https:\/\/blogdorogeriogomes.com.br\/noticias\/wp-json\/wp\/v2\/posts\/17367","targetHints":{"allow":["GET"]}}],"collection":[{"href":"https:\/\/blogdorogeriogomes.com.br\/noticias\/wp-json\/wp\/v2\/posts"}],"about":[{"href":"https:\/\/blogdorogeriogomes.com.br\/noticias\/wp-json\/wp\/v2\/types\/post"}],"author":[{"embeddable":true,"href":"https:\/\/blogdorogeriogomes.com.br\/noticias\/wp-json\/wp\/v2\/users\/1"}],"replies":[{"embeddable":true,"href":"https:\/\/blogdorogeriogomes.com.br\/noticias\/wp-json\/wp\/v2\/comments?post=17367"}],"version-history":[{"count":1,"href":"https:\/\/blogdorogeriogomes.com.br\/noticias\/wp-json\/wp\/v2\/posts\/17367\/revisions"}],"predecessor-version":[{"id":17369,"href":"https:\/\/blogdorogeriogomes.com.br\/noticias\/wp-json\/wp\/v2\/posts\/17367\/revisions\/17369"}],"wp:featuredmedia":[{"embeddable":true,"href":"https:\/\/blogdorogeriogomes.com.br\/noticias\/wp-json\/wp\/v2\/media\/17368"}],"wp:attachment":[{"href":"https:\/\/blogdorogeriogomes.com.br\/noticias\/wp-json\/wp\/v2\/media?parent=17367"}],"wp:term":[{"taxonomy":"category","embeddable":true,"href":"https:\/\/blogdorogeriogomes.com.br\/noticias\/wp-json\/wp\/v2\/categories?post=17367"},{"taxonomy":"post_tag","embeddable":true,"href":"https:\/\/blogdorogeriogomes.com.br\/noticias\/wp-json\/wp\/v2\/tags?post=17367"}],"curies":[{"name":"wp","href":"https:\/\/api.w.org\/{rel}","templated":true}]}}