{"id":17372,"date":"2020-07-01T21:05:51","date_gmt":"2020-07-01T21:05:51","guid":{"rendered":"http:\/\/blogdorogeriogomes.com.br\/?p=17372"},"modified":"2020-07-02T12:51:58","modified_gmt":"2020-07-02T12:51:58","slug":"celso-de-mello-envia-para-o-plenario-do-stf-o-julgamento-do-foro-especial-do-senador-flavio-bolsonaro","status":"publish","type":"post","link":"https:\/\/blogdorogeriogomes.com.br\/noticias\/2020\/07\/celso-de-mello-envia-para-o-plenario-do-stf-o-julgamento-do-foro-especial-do-senador-flavio-bolsonaro\/","title":{"rendered":"Celso de Mello envia para o plen\u00e1rio do STF o julgamento do foro especial do senador Fl\u00e1vio Bolsonaro"},"content":{"rendered":"\n<p>O ministro do Supremo Tribunal Federal (STF), Celso de Mello, enviou nesta quarta-feira, dia 1\u00b0 de julho, para julgamento no plen\u00e1rio da Corte a a\u00e7\u00e3o do partido Rede Sustentabilidade que questiona o foro privilegiado concedido a Fl\u00e1vio Bolsonaro no caso da rachadinha pelo Tribunal de Justi\u00e7a do Rio de Janeiro.<\/p>\n\n\n\n<p>A a\u00e7\u00e3o da Rede pede que a decis\u00e3o do TJ do Rio seja revertida e que as investiga\u00e7\u00f5es sobre o esquema de rachadinha no gabinete de Fl\u00e1vio Bolsonaro na Assembleia Legislativa voltem para a primeira inst\u00e2ncia.<\/p>\n\n\n\n<figure class=\"wp-block-gallery columns-1 is-cropped wp-block-gallery-1 is-layout-flex wp-block-gallery-is-layout-flex\"><ul class=\"blocks-gallery-grid\"><li class=\"blocks-gallery-item\"><figure><img loading=\"lazy\" decoding=\"async\" width=\"800\" height=\"384\" src=\"http:\/\/blogdorogeriogomes.com.br\/wp-content\/uploads\/2020\/07\/images-3.jpeg\" alt=\"\" data-id=\"17373\" data-full-url=\"http:\/\/blogdorogeriogomes.com.br\/wp-content\/uploads\/2020\/07\/images-3.jpeg\" data-link=\"http:\/\/blogdorogeriogomes.com.br\/?attachment_id=17373\" class=\"wp-image-17373\" srcset=\"https:\/\/blogdorogeriogomes.com.br\/noticias\/wp-content\/uploads\/2020\/07\/images-3.jpeg 800w, https:\/\/blogdorogeriogomes.com.br\/noticias\/wp-content\/uploads\/2020\/07\/images-3-300x144.jpeg 300w, https:\/\/blogdorogeriogomes.com.br\/noticias\/wp-content\/uploads\/2020\/07\/images-3-768x369.jpeg 768w\" sizes=\"auto, (max-width: 800px) 100vw, 800px\" \/><\/figure><\/li><\/ul><\/figure>\n","protected":false},"excerpt":{"rendered":"<p>O ministro do Supremo Tribunal Federal (STF), Celso de Mello, enviou nesta quarta-feira, dia 1\u00b0 de julho, para julgamento no plen\u00e1rio da Corte a a\u00e7\u00e3o do partido Rede Sustentabilidade que questiona o foro privilegiado concedido a Fl\u00e1vio Bolsonaro no caso da rachadinha pelo Tribunal de Justi\u00e7a do Rio de Janeiro. A a\u00e7\u00e3o da Rede pede que a decis\u00e3o do TJ do Rio seja revertida e que as investiga\u00e7\u00f5es sobre o esquema de rachadinha no gabinete de Fl\u00e1vio Bolsonaro na&hellip;<\/p>\n","protected":false},"author":1,"featured_media":17373,"comment_status":"open","ping_status":"open","sticky":false,"template":"","format":"standard","meta":{"footnotes":""},"categories":[1],"tags":[],"class_list":["post-17372","post","type-post","status-publish","format-standard","has-post-thumbnail","hentry","category-noticias"],"_links":{"self":[{"href":"https:\/\/blogdorogeriogomes.com.br\/noticias\/wp-json\/wp\/v2\/posts\/17372","targetHints":{"allow":["GET"]}}],"collection":[{"href":"https:\/\/blogdorogeriogomes.com.br\/noticias\/wp-json\/wp\/v2\/posts"}],"about":[{"href":"https:\/\/blogdorogeriogomes.com.br\/noticias\/wp-json\/wp\/v2\/types\/post"}],"author":[{"embeddable":true,"href":"https:\/\/blogdorogeriogomes.com.br\/noticias\/wp-json\/wp\/v2\/users\/1"}],"replies":[{"embeddable":true,"href":"https:\/\/blogdorogeriogomes.com.br\/noticias\/wp-json\/wp\/v2\/comments?post=17372"}],"version-history":[{"count":1,"href":"https:\/\/blogdorogeriogomes.com.br\/noticias\/wp-json\/wp\/v2\/posts\/17372\/revisions"}],"predecessor-version":[{"id":17374,"href":"https:\/\/blogdorogeriogomes.com.br\/noticias\/wp-json\/wp\/v2\/posts\/17372\/revisions\/17374"}],"wp:featuredmedia":[{"embeddable":true,"href":"https:\/\/blogdorogeriogomes.com.br\/noticias\/wp-json\/wp\/v2\/media\/17373"}],"wp:attachment":[{"href":"https:\/\/blogdorogeriogomes.com.br\/noticias\/wp-json\/wp\/v2\/media?parent=17372"}],"wp:term":[{"taxonomy":"category","embeddable":true,"href":"https:\/\/blogdorogeriogomes.com.br\/noticias\/wp-json\/wp\/v2\/categories?post=17372"},{"taxonomy":"post_tag","embeddable":true,"href":"https:\/\/blogdorogeriogomes.com.br\/noticias\/wp-json\/wp\/v2\/tags?post=17372"}],"curies":[{"name":"wp","href":"https:\/\/api.w.org\/{rel}","templated":true}]}}