{"id":17375,"date":"2020-07-01T23:38:06","date_gmt":"2020-07-01T23:38:06","guid":{"rendered":"http:\/\/blogdorogeriogomes.com.br\/?p=17375"},"modified":"2020-07-02T12:52:37","modified_gmt":"2020-07-02T12:52:37","slug":"novo-hospital-da-crianca-em-fortaleza-tem-entrega-prevista-para-agosto","status":"publish","type":"post","link":"https:\/\/blogdorogeriogomes.com.br\/noticias\/2020\/07\/novo-hospital-da-crianca-em-fortaleza-tem-entrega-prevista-para-agosto\/","title":{"rendered":"Novo Hospital da Crian\u00e7a em Fortaleza tem entrega prevista para agosto"},"content":{"rendered":"\n<p>O novo Hospital da Crian\u00e7a de Fortaleza, no bairro J\u00f3quei Clube, entrou na fase de acabamento. A unidade tem entrega prevista para o m\u00eas de agosto. A nova unidade de sa\u00fade permitir\u00e1 que a Aten\u00e7\u00e3o Secund\u00e1ria Pedi\u00e1trica de Fortaleza seja reestruturada e ampliada.<\/p>\n\n\n\n<p>Nesta quarta-feira, dia 1\u00b0 de julho, o prefeito Roberto Cl\u00e1udio visitou as obras. \u201cQueremos inaugurar na primeira quinzena de agosto o nosso primeiro hospital municipal pedi\u00e1trico cl\u00ednico e cir\u00fargico, que ter\u00e1 104 leitos. Existe uma grande necessidade na rede privada e, principalmente, na p\u00fablica de leitos de atendimento na \u00e1rea, tanto de emerg\u00eancia, quanto de interna\u00e7\u00e3o que queremos suprir com essa inaugura\u00e7\u00e3o,\u201d disse Roberto Cl\u00e1udio.<\/p>\n\n\n\n<p>O equipamento contar\u00e1 com Pronto Atendimento 24 horaa para atender pacientes que cheguem com sintomas cl\u00ednicos e emerg\u00eancias para menores gravidades, sala de observa\u00e7\u00e3o com consult\u00f3rios, al\u00e9m de UTI.<\/p>\n\n\n\n<p>O Hospital da Crian\u00e7a dividir\u00e1 algumas estruturas com o Hospital da Mulher, que fica ao lado, possibilitando mais efici\u00eancia e economia ao seu funcionamento em \u00e1reas compartilhadas, como as de esteriliza\u00e7\u00e3o, lavagem de roupas, central de custos b\u00e1sica, central de imagens e centro cir\u00fargico.<\/p>\n\n\n\n<figure class=\"wp-block-gallery columns-1 is-cropped wp-block-gallery-1 is-layout-flex wp-block-gallery-is-layout-flex\"><ul class=\"blocks-gallery-grid\"><li class=\"blocks-gallery-item\"><figure><img loading=\"lazy\" decoding=\"async\" width=\"750\" height=\"500\" src=\"http:\/\/blogdorogeriogomes.com.br\/wp-content\/uploads\/2020\/07\/1_img_9970-12945077.jpg\" alt=\"\" data-id=\"17376\" data-full-url=\"http:\/\/blogdorogeriogomes.com.br\/wp-content\/uploads\/2020\/07\/1_img_9970-12945077.jpg\" data-link=\"http:\/\/blogdorogeriogomes.com.br\/?attachment_id=17376\" class=\"wp-image-17376\" srcset=\"https:\/\/blogdorogeriogomes.com.br\/noticias\/wp-content\/uploads\/2020\/07\/1_img_9970-12945077.jpg 750w, https:\/\/blogdorogeriogomes.com.br\/noticias\/wp-content\/uploads\/2020\/07\/1_img_9970-12945077-300x200.jpg 300w\" sizes=\"auto, (max-width: 750px) 100vw, 750px\" \/><\/figure><\/li><\/ul><\/figure>\n\n\n\n<p><\/p>\n","protected":false},"excerpt":{"rendered":"<p>O novo Hospital da Crian\u00e7a de Fortaleza, no bairro J\u00f3quei Clube, entrou na fase de acabamento. A unidade tem entrega prevista para o m\u00eas de agosto. A nova unidade de sa\u00fade permitir\u00e1 que a Aten\u00e7\u00e3o Secund\u00e1ria Pedi\u00e1trica de Fortaleza seja reestruturada e ampliada. Nesta quarta-feira, dia 1\u00b0 de julho, o prefeito Roberto Cl\u00e1udio visitou as obras. \u201cQueremos inaugurar na primeira quinzena de agosto o nosso primeiro hospital municipal pedi\u00e1trico cl\u00ednico e cir\u00fargico, que ter\u00e1 104 leitos. Existe uma grande&hellip;<\/p>\n","protected":false},"author":1,"featured_media":17376,"comment_status":"open","ping_status":"open","sticky":false,"template":"","format":"standard","meta":{"footnotes":""},"categories":[1],"tags":[],"class_list":["post-17375","post","type-post","status-publish","format-standard","has-post-thumbnail","hentry","category-noticias"],"_links":{"self":[{"href":"https:\/\/blogdorogeriogomes.com.br\/noticias\/wp-json\/wp\/v2\/posts\/17375","targetHints":{"allow":["GET"]}}],"collection":[{"href":"https:\/\/blogdorogeriogomes.com.br\/noticias\/wp-json\/wp\/v2\/posts"}],"about":[{"href":"https:\/\/blogdorogeriogomes.com.br\/noticias\/wp-json\/wp\/v2\/types\/post"}],"author":[{"embeddable":true,"href":"https:\/\/blogdorogeriogomes.com.br\/noticias\/wp-json\/wp\/v2\/users\/1"}],"replies":[{"embeddable":true,"href":"https:\/\/blogdorogeriogomes.com.br\/noticias\/wp-json\/wp\/v2\/comments?post=17375"}],"version-history":[{"count":1,"href":"https:\/\/blogdorogeriogomes.com.br\/noticias\/wp-json\/wp\/v2\/posts\/17375\/revisions"}],"predecessor-version":[{"id":17377,"href":"https:\/\/blogdorogeriogomes.com.br\/noticias\/wp-json\/wp\/v2\/posts\/17375\/revisions\/17377"}],"wp:featuredmedia":[{"embeddable":true,"href":"https:\/\/blogdorogeriogomes.com.br\/noticias\/wp-json\/wp\/v2\/media\/17376"}],"wp:attachment":[{"href":"https:\/\/blogdorogeriogomes.com.br\/noticias\/wp-json\/wp\/v2\/media?parent=17375"}],"wp:term":[{"taxonomy":"category","embeddable":true,"href":"https:\/\/blogdorogeriogomes.com.br\/noticias\/wp-json\/wp\/v2\/categories?post=17375"},{"taxonomy":"post_tag","embeddable":true,"href":"https:\/\/blogdorogeriogomes.com.br\/noticias\/wp-json\/wp\/v2\/tags?post=17375"}],"curies":[{"name":"wp","href":"https:\/\/api.w.org\/{rel}","templated":true}]}}