{"id":17378,"date":"2020-07-02T09:26:54","date_gmt":"2020-07-02T09:26:54","guid":{"rendered":"http:\/\/blogdorogeriogomes.com.br\/?p=17378"},"modified":"2020-07-02T12:52:28","modified_gmt":"2020-07-02T12:52:28","slug":"congresso-promulga-nesta-quinta-feira-o-adiamento-das-eleicoes-municipais-para-o-mes-de-novembro","status":"publish","type":"post","link":"https:\/\/blogdorogeriogomes.com.br\/noticias\/2020\/07\/congresso-promulga-nesta-quinta-feira-o-adiamento-das-eleicoes-municipais-para-o-mes-de-novembro\/","title":{"rendered":"Congresso promulga nesta quinta-feira o adiamento das elei\u00e7\u00f5es municipais para o m\u00eas de novembro"},"content":{"rendered":"\n<p>O Congresso Nacional promulga, nesta quinta-feira, dia 2 de julho, a Emenda Constitucional 107, decorrente da PEC 18\/2020, que adia as elei\u00e7\u00f5es municipais de outubro para novembro. A Proposta de Emenda \u00e0 Constitui\u00e7\u00e3o (PEC) foi aprovada na C\u00e2mara dos Deputados na noite desta quarta-feira, dia 1\u00b0. O texto determina que os dois turnos eleitorais, inicialmente previstos para os dias 4 e 25 de outubro, ser\u00e3o realizados nos dias 15 e 29 de novembro.<\/p>\n\n\n\n<p>A PEC tamb\u00e9m muda o calend\u00e1rio eleitoral deste ano e a propaganda de candidatos no r\u00e1dio e na TV ter\u00e1 in\u00edcio somente em 9 de outubro. Emissoras de r\u00e1dio e TV ficam proibidas de transmitir programa apresentado ou comentado por pr\u00e9-candidato a partir de 11 de agosto &#8211; antes, o prazo come\u00e7ava a contar em 30 de junho. N\u00e3o haver\u00e1 prorroga\u00e7\u00e3o dos atuais mandatos. A data da posse dos eleitos permanece em 1\u00ba de janeiro de 2021.<\/p>\n\n\n\n<figure class=\"wp-block-gallery columns-1 is-cropped wp-block-gallery-1 is-layout-flex wp-block-gallery-is-layout-flex\"><ul class=\"blocks-gallery-grid\"><li class=\"blocks-gallery-item\"><figure><img loading=\"lazy\" decoding=\"async\" width=\"460\" height=\"307\" src=\"http:\/\/blogdorogeriogomes.com.br\/wp-content\/uploads\/2020\/07\/images-4.jpeg\" alt=\"\" data-id=\"17379\" data-full-url=\"http:\/\/blogdorogeriogomes.com.br\/wp-content\/uploads\/2020\/07\/images-4.jpeg\" data-link=\"http:\/\/blogdorogeriogomes.com.br\/?attachment_id=17379\" class=\"wp-image-17379\" srcset=\"https:\/\/blogdorogeriogomes.com.br\/noticias\/wp-content\/uploads\/2020\/07\/images-4.jpeg 460w, https:\/\/blogdorogeriogomes.com.br\/noticias\/wp-content\/uploads\/2020\/07\/images-4-300x200.jpeg 300w\" sizes=\"auto, (max-width: 460px) 100vw, 460px\" \/><\/figure><\/li><\/ul><\/figure>\n","protected":false},"excerpt":{"rendered":"<p>O Congresso Nacional promulga, nesta quinta-feira, dia 2 de julho, a Emenda Constitucional 107, decorrente da PEC 18\/2020, que adia as elei\u00e7\u00f5es municipais de outubro para novembro. A Proposta de Emenda \u00e0 Constitui\u00e7\u00e3o (PEC) foi aprovada na C\u00e2mara dos Deputados na noite desta quarta-feira, dia 1\u00b0. O texto determina que os dois turnos eleitorais, inicialmente previstos para os dias 4 e 25 de outubro, ser\u00e3o realizados nos dias 15 e 29 de novembro. A PEC tamb\u00e9m muda o calend\u00e1rio&hellip;<\/p>\n","protected":false},"author":1,"featured_media":17379,"comment_status":"open","ping_status":"open","sticky":false,"template":"","format":"standard","meta":{"footnotes":""},"categories":[1],"tags":[],"class_list":["post-17378","post","type-post","status-publish","format-standard","has-post-thumbnail","hentry","category-noticias"],"_links":{"self":[{"href":"https:\/\/blogdorogeriogomes.com.br\/noticias\/wp-json\/wp\/v2\/posts\/17378","targetHints":{"allow":["GET"]}}],"collection":[{"href":"https:\/\/blogdorogeriogomes.com.br\/noticias\/wp-json\/wp\/v2\/posts"}],"about":[{"href":"https:\/\/blogdorogeriogomes.com.br\/noticias\/wp-json\/wp\/v2\/types\/post"}],"author":[{"embeddable":true,"href":"https:\/\/blogdorogeriogomes.com.br\/noticias\/wp-json\/wp\/v2\/users\/1"}],"replies":[{"embeddable":true,"href":"https:\/\/blogdorogeriogomes.com.br\/noticias\/wp-json\/wp\/v2\/comments?post=17378"}],"version-history":[{"count":1,"href":"https:\/\/blogdorogeriogomes.com.br\/noticias\/wp-json\/wp\/v2\/posts\/17378\/revisions"}],"predecessor-version":[{"id":17380,"href":"https:\/\/blogdorogeriogomes.com.br\/noticias\/wp-json\/wp\/v2\/posts\/17378\/revisions\/17380"}],"wp:featuredmedia":[{"embeddable":true,"href":"https:\/\/blogdorogeriogomes.com.br\/noticias\/wp-json\/wp\/v2\/media\/17379"}],"wp:attachment":[{"href":"https:\/\/blogdorogeriogomes.com.br\/noticias\/wp-json\/wp\/v2\/media?parent=17378"}],"wp:term":[{"taxonomy":"category","embeddable":true,"href":"https:\/\/blogdorogeriogomes.com.br\/noticias\/wp-json\/wp\/v2\/categories?post=17378"},{"taxonomy":"post_tag","embeddable":true,"href":"https:\/\/blogdorogeriogomes.com.br\/noticias\/wp-json\/wp\/v2\/tags?post=17378"}],"curies":[{"name":"wp","href":"https:\/\/api.w.org\/{rel}","templated":true}]}}