{"id":17381,"date":"2020-07-02T09:59:02","date_gmt":"2020-07-02T09:59:02","guid":{"rendered":"http:\/\/blogdorogeriogomes.com.br\/?p=17381"},"modified":"2020-07-02T12:52:20","modified_gmt":"2020-07-02T12:52:20","slug":"ocupacao-de-leitos-de-uti-volta-a-crescer-em-13-capitais-brasil-ja-supera-60-mil-mortes-pela-covid-19","status":"publish","type":"post","link":"https:\/\/blogdorogeriogomes.com.br\/noticias\/2020\/07\/ocupacao-de-leitos-de-uti-volta-a-crescer-em-13-capitais-brasil-ja-supera-60-mil-mortes-pela-covid-19\/","title":{"rendered":"Ocupa\u00e7\u00e3o de leitos de UTI volta a crescer em 13 capitais. Brasil j\u00e1 supera 60 mil mortes pela Covid-19"},"content":{"rendered":"\n<p>O aparecimento de novos casos de coronav\u00edrus preocupa as autoridades de sa\u00fade quanto aos leitos de retaguarda. A ocupa\u00e7\u00e3o dos leitos de UTI para tratamento da Covid-19 voltou a subir nas \u00faltimas semanas e j\u00e1 supera o patamar de 80% em pelo menos 13 capitais.<\/p>\n\n\n\n<p>Natal, capital do Rio Grande do Norte, registra uma ocupa\u00e7\u00e3o de 100% dos leitos da rede estadual h\u00e1 pelo menos um m\u00eas. Rio Branco, no Acre, vive situa\u00e7\u00e3o semelhante, com 95% dos leitos ocupados.<\/p>\n\n\n\n<p>Salvador, Fortaleza, Belo Horizonte, Curitiba, Porto Alegre, Florian\u00f3polis, S\u00e3o Lu\u00eds, Macei\u00f3, Boa Vista, Teresina e Vit\u00f3ria registram \u00edndices de ocupa\u00e7\u00e3o de UTI acima de 80%.<\/p>\n\n\n\n<p>Em junho, seis estados estavam com taxa de retransmiss\u00e3o do coronav\u00edrus inferior a um: Acre, Amap\u00e1, Amazonas, Cear\u00e1, Maranh\u00e3o e Par\u00e1. No entanto, outros seis estados tiveram alta de taxa entre 31 de maio e 30 de junho. S\u00e3o eles: Bahia, Pernambuco, Rio Grande do Norte, Roraima, Rio Grande do Sul e Santa Catarina.<\/p>\n\n\n\n<p>Nesta quarta-feira, dia 1\u00b0 de julho, o Brasil chegou a 1.448.753 pessoas contaminadas com a Covid-19 e 60.632 mortes. O Cear\u00e1 tem 114.038 casos confirmados e 6.203 \u00f3bitos pela doen\u00e7a.<\/p>\n\n\n\n<figure class=\"wp-block-gallery columns-1 is-cropped wp-block-gallery-1 is-layout-flex wp-block-gallery-is-layout-flex\"><ul class=\"blocks-gallery-grid\"><li class=\"blocks-gallery-item\"><figure><img loading=\"lazy\" decoding=\"async\" width=\"768\" height=\"512\" src=\"http:\/\/blogdorogeriogomes.com.br\/wp-content\/uploads\/2020\/07\/15912956455ed93e9d26a1c_1591295645_3x2_md.jpg\" alt=\"\" data-id=\"17382\" data-full-url=\"http:\/\/blogdorogeriogomes.com.br\/wp-content\/uploads\/2020\/07\/15912956455ed93e9d26a1c_1591295645_3x2_md.jpg\" data-link=\"http:\/\/blogdorogeriogomes.com.br\/?attachment_id=17382\" class=\"wp-image-17382\" srcset=\"https:\/\/blogdorogeriogomes.com.br\/noticias\/wp-content\/uploads\/2020\/07\/15912956455ed93e9d26a1c_1591295645_3x2_md.jpg 768w, https:\/\/blogdorogeriogomes.com.br\/noticias\/wp-content\/uploads\/2020\/07\/15912956455ed93e9d26a1c_1591295645_3x2_md-300x200.jpg 300w\" sizes=\"auto, (max-width: 768px) 100vw, 768px\" \/><\/figure><\/li><\/ul><\/figure>\n","protected":false},"excerpt":{"rendered":"<p>O aparecimento de novos casos de coronav\u00edrus preocupa as autoridades de sa\u00fade quanto aos leitos de retaguarda. A ocupa\u00e7\u00e3o dos leitos de UTI para tratamento da Covid-19 voltou a subir nas \u00faltimas semanas e j\u00e1 supera o patamar de 80% em pelo menos 13 capitais. Natal, capital do Rio Grande do Norte, registra uma ocupa\u00e7\u00e3o de 100% dos leitos da rede estadual h\u00e1 pelo menos um m\u00eas. Rio Branco, no Acre, vive situa\u00e7\u00e3o semelhante, com 95% dos leitos ocupados.&hellip;<\/p>\n","protected":false},"author":1,"featured_media":17382,"comment_status":"open","ping_status":"open","sticky":false,"template":"","format":"standard","meta":{"footnotes":""},"categories":[1],"tags":[],"class_list":["post-17381","post","type-post","status-publish","format-standard","has-post-thumbnail","hentry","category-noticias"],"_links":{"self":[{"href":"https:\/\/blogdorogeriogomes.com.br\/noticias\/wp-json\/wp\/v2\/posts\/17381","targetHints":{"allow":["GET"]}}],"collection":[{"href":"https:\/\/blogdorogeriogomes.com.br\/noticias\/wp-json\/wp\/v2\/posts"}],"about":[{"href":"https:\/\/blogdorogeriogomes.com.br\/noticias\/wp-json\/wp\/v2\/types\/post"}],"author":[{"embeddable":true,"href":"https:\/\/blogdorogeriogomes.com.br\/noticias\/wp-json\/wp\/v2\/users\/1"}],"replies":[{"embeddable":true,"href":"https:\/\/blogdorogeriogomes.com.br\/noticias\/wp-json\/wp\/v2\/comments?post=17381"}],"version-history":[{"count":2,"href":"https:\/\/blogdorogeriogomes.com.br\/noticias\/wp-json\/wp\/v2\/posts\/17381\/revisions"}],"predecessor-version":[{"id":17384,"href":"https:\/\/blogdorogeriogomes.com.br\/noticias\/wp-json\/wp\/v2\/posts\/17381\/revisions\/17384"}],"wp:featuredmedia":[{"embeddable":true,"href":"https:\/\/blogdorogeriogomes.com.br\/noticias\/wp-json\/wp\/v2\/media\/17382"}],"wp:attachment":[{"href":"https:\/\/blogdorogeriogomes.com.br\/noticias\/wp-json\/wp\/v2\/media?parent=17381"}],"wp:term":[{"taxonomy":"category","embeddable":true,"href":"https:\/\/blogdorogeriogomes.com.br\/noticias\/wp-json\/wp\/v2\/categories?post=17381"},{"taxonomy":"post_tag","embeddable":true,"href":"https:\/\/blogdorogeriogomes.com.br\/noticias\/wp-json\/wp\/v2\/tags?post=17381"}],"curies":[{"name":"wp","href":"https:\/\/api.w.org\/{rel}","templated":true}]}}