{"id":17385,"date":"2020-07-02T19:41:19","date_gmt":"2020-07-02T19:41:19","guid":{"rendered":"http:\/\/blogdorogeriogomes.com.br\/?p=17385"},"modified":"2020-07-03T13:33:29","modified_gmt":"2020-07-03T13:33:29","slug":"tce-do-ceara-aprova-com-ressalvas-as-contas-de-camilo-santana-referentes-ao-exercicio-de-2019","status":"publish","type":"post","link":"https:\/\/blogdorogeriogomes.com.br\/noticias\/2020\/07\/tce-do-ceara-aprova-com-ressalvas-as-contas-de-camilo-santana-referentes-ao-exercicio-de-2019\/","title":{"rendered":"TCE do Cear\u00e1 recomenda aprova\u00e7\u00e3o com ressalvas as contas de Camilo Santana referentes ao exerc\u00edcio de 2019"},"content":{"rendered":"\n<p>As contas da gest\u00e3o do governador do Cear\u00e1, Camilo Santana, tiveram parecer de aprova\u00e7\u00e3o com ressalvas pelo Tribunal de Contas do Estado (TCE), nesta quinta-feira, dia 2 de julho. A an\u00e1lise se refere \u00e0s contas de 2019.  O documento ser\u00e1 encaminhado para a Assembleia Legislativa. Cabe aos deputados estaduais dar o parecer final sobre a aprova\u00e7\u00e3o das contas. Os conselheiros destacaram a necessidade de que o Governo do Cear\u00e1 realize mais investimento em pesquisa cient\u00edfica e tamb\u00e9m no interior do Estado. <\/p>\n\n\n\n<p>Na vota\u00e7\u00e3o, todos os conselheiros votaram conforme o parecer do relator Edilberto Pontes (foto). Um dos pontos citados pelo relator para a aprova\u00e7\u00e3o com ressalvas foi a pol\u00edtica de concess\u00e3o fiscal adotada pelo Governo do Estado. Observamos que h\u00e1 v\u00e1rios elementos nesse processo de concess\u00e3o, monitoramento e avalia\u00e7\u00e3o de receitas que precisa ser aperfei\u00e7oado&#8221;, disse Edilberto Pontes.<\/p>\n\n\n\n<figure class=\"wp-block-gallery columns-1 is-cropped wp-block-gallery-1 is-layout-flex wp-block-gallery-is-layout-flex\"><ul class=\"blocks-gallery-grid\"><li class=\"blocks-gallery-item\"><figure><img loading=\"lazy\" decoding=\"async\" width=\"625\" height=\"416\" src=\"http:\/\/blogdorogeriogomes.com.br\/wp-content\/uploads\/2020\/07\/images-5.jpeg\" alt=\"\" data-id=\"17387\" data-full-url=\"http:\/\/blogdorogeriogomes.com.br\/wp-content\/uploads\/2020\/07\/images-5.jpeg\" data-link=\"http:\/\/blogdorogeriogomes.com.br\/?attachment_id=17387\" class=\"wp-image-17387\" srcset=\"https:\/\/blogdorogeriogomes.com.br\/noticias\/wp-content\/uploads\/2020\/07\/images-5.jpeg 625w, https:\/\/blogdorogeriogomes.com.br\/noticias\/wp-content\/uploads\/2020\/07\/images-5-300x200.jpeg 300w\" sizes=\"auto, (max-width: 625px) 100vw, 625px\" \/><\/figure><\/li><\/ul><\/figure>\n\n\n\n<p><\/p>\n","protected":false},"excerpt":{"rendered":"<p>As contas da gest\u00e3o do governador do Cear\u00e1, Camilo Santana, tiveram parecer de aprova\u00e7\u00e3o com ressalvas pelo Tribunal de Contas do Estado (TCE), nesta quinta-feira, dia 2 de julho. A an\u00e1lise se refere \u00e0s contas de 2019. O documento ser\u00e1 encaminhado para a Assembleia Legislativa. Cabe aos deputados estaduais dar o parecer final sobre a aprova\u00e7\u00e3o das contas. Os conselheiros destacaram a necessidade de que o Governo do Cear\u00e1 realize mais investimento em pesquisa cient\u00edfica e tamb\u00e9m no interior&hellip;<\/p>\n","protected":false},"author":1,"featured_media":17387,"comment_status":"open","ping_status":"open","sticky":false,"template":"","format":"standard","meta":{"footnotes":""},"categories":[1],"tags":[],"class_list":["post-17385","post","type-post","status-publish","format-standard","has-post-thumbnail","hentry","category-noticias"],"_links":{"self":[{"href":"https:\/\/blogdorogeriogomes.com.br\/noticias\/wp-json\/wp\/v2\/posts\/17385","targetHints":{"allow":["GET"]}}],"collection":[{"href":"https:\/\/blogdorogeriogomes.com.br\/noticias\/wp-json\/wp\/v2\/posts"}],"about":[{"href":"https:\/\/blogdorogeriogomes.com.br\/noticias\/wp-json\/wp\/v2\/types\/post"}],"author":[{"embeddable":true,"href":"https:\/\/blogdorogeriogomes.com.br\/noticias\/wp-json\/wp\/v2\/users\/1"}],"replies":[{"embeddable":true,"href":"https:\/\/blogdorogeriogomes.com.br\/noticias\/wp-json\/wp\/v2\/comments?post=17385"}],"version-history":[{"count":2,"href":"https:\/\/blogdorogeriogomes.com.br\/noticias\/wp-json\/wp\/v2\/posts\/17385\/revisions"}],"predecessor-version":[{"id":17389,"href":"https:\/\/blogdorogeriogomes.com.br\/noticias\/wp-json\/wp\/v2\/posts\/17385\/revisions\/17389"}],"wp:featuredmedia":[{"embeddable":true,"href":"https:\/\/blogdorogeriogomes.com.br\/noticias\/wp-json\/wp\/v2\/media\/17387"}],"wp:attachment":[{"href":"https:\/\/blogdorogeriogomes.com.br\/noticias\/wp-json\/wp\/v2\/media?parent=17385"}],"wp:term":[{"taxonomy":"category","embeddable":true,"href":"https:\/\/blogdorogeriogomes.com.br\/noticias\/wp-json\/wp\/v2\/categories?post=17385"},{"taxonomy":"post_tag","embeddable":true,"href":"https:\/\/blogdorogeriogomes.com.br\/noticias\/wp-json\/wp\/v2\/tags?post=17385"}],"curies":[{"name":"wp","href":"https:\/\/api.w.org\/{rel}","templated":true}]}}