{"id":17390,"date":"2020-07-02T20:26:48","date_gmt":"2020-07-02T20:26:48","guid":{"rendered":"http:\/\/blogdorogeriogomes.com.br\/?p=17390"},"modified":"2020-07-03T13:33:20","modified_gmt":"2020-07-03T13:33:20","slug":"conselho-nacional-do-mpf-pauta-julgamento-de-dalagnol-no-caso-do-powerpoint-do-ex-presidente-lula-aras-vai-presidir-sessao","status":"publish","type":"post","link":"https:\/\/blogdorogeriogomes.com.br\/noticias\/2020\/07\/conselho-nacional-do-mpf-pauta-julgamento-de-dalagnol-no-caso-do-powerpoint-do-ex-presidente-lula-aras-vai-presidir-sessao\/","title":{"rendered":"Conselho Nacional do MPF pauta julgamento de Dalagnol no caso do &#8220;PowerPoint&#8221; do ex-presidente Lula. Aras vai presidir sess\u00e3o"},"content":{"rendered":"\n<p>O Conselho Nacional do Minist\u00e9rio P\u00fablico (CNMP) pautou a representa\u00e7\u00e3o em que o ex-presidente Lula acusa o procurador Deltan Dallagnol e outros colegas dele da for\u00e7a-tarefa de Curitiba de abuso de poder ao darem a entrevista do PowerPoint, em 2016. O CNMP, que fiscaliza a atua\u00e7\u00e3o de procuradores e promotores, \u00e9 presidido pelo procurador-geral da Rep\u00fablica, Augusto Aras.<\/p>\n\n\n\n<p>A representa\u00e7\u00e3o de Lula contra Dallagnol ser\u00e1 julgada na ter\u00e7a-feira, dia 7 de julho, em uma sess\u00e3o virtual. Zanin far\u00e1 a sustenta\u00e7\u00e3o oral. O momento \u00e9 adverso para a for\u00e7a-tarefa de Curitiba, que est\u00e1 em conflito com Aras e sofre restri\u00e7\u00f5es da maioria dos atuais conselheiros do CNMP.<\/p>\n\n\n\n<p>Nesta quinta-feira, dia 2 de julho, Deltan Dallagnol rebateu as cr\u00edticas feitas pelo procurador geral Augusto Aras e o procurador adjunto Humberto Jacques \u00e0s for\u00e7as-tarefas de combate \u00e0 corrup\u00e7\u00e3o. Os dois questionam os m\u00e9todos utilizados pela Lava Jato de Curitiba que, se diagnosticadas como ilegais, poder\u00e3o resultar em anula\u00e7\u00f5es de processos.<\/p>\n\n\n\n<p>Aras disse que a Lava Jato corria o risco de flertar com a ilegalidade e Jacques assinou uma manifesta\u00e7\u00e3o afirmando que as for\u00e7as-tarefas apresentam um modelo &#8220;desagregador&#8221;. Foram rea\u00e7\u00f5es a uma disputa que come\u00e7ou com a sa\u00edda de tr\u00eas integrantes da Lava Jato por diverg\u00eancias com a subprocuradora Lind\u00f4ra Maria de Ara\u00fajo, auxiliar de Aras.<\/p>\n\n\n\n<figure class=\"wp-block-gallery columns-1 is-cropped wp-block-gallery-1 is-layout-flex wp-block-gallery-is-layout-flex\"><ul class=\"blocks-gallery-grid\"><li class=\"blocks-gallery-item\"><figure><img loading=\"lazy\" decoding=\"async\" width=\"1024\" height=\"683\" src=\"http:\/\/blogdorogeriogomes.com.br\/wp-content\/uploads\/2020\/07\/15937040635efdfe7fc9b5b_1593704063_3x2_lg.jpg\" alt=\"\" data-id=\"17391\" data-full-url=\"http:\/\/blogdorogeriogomes.com.br\/wp-content\/uploads\/2020\/07\/15937040635efdfe7fc9b5b_1593704063_3x2_lg.jpg\" data-link=\"http:\/\/blogdorogeriogomes.com.br\/?attachment_id=17391\" class=\"wp-image-17391\" srcset=\"https:\/\/blogdorogeriogomes.com.br\/noticias\/wp-content\/uploads\/2020\/07\/15937040635efdfe7fc9b5b_1593704063_3x2_lg.jpg 1024w, https:\/\/blogdorogeriogomes.com.br\/noticias\/wp-content\/uploads\/2020\/07\/15937040635efdfe7fc9b5b_1593704063_3x2_lg-300x200.jpg 300w, https:\/\/blogdorogeriogomes.com.br\/noticias\/wp-content\/uploads\/2020\/07\/15937040635efdfe7fc9b5b_1593704063_3x2_lg-768x512.jpg 768w, https:\/\/blogdorogeriogomes.com.br\/noticias\/wp-content\/uploads\/2020\/07\/15937040635efdfe7fc9b5b_1593704063_3x2_lg-800x534.jpg 800w\" sizes=\"auto, (max-width: 1024px) 100vw, 1024px\" \/><\/figure><\/li><\/ul><\/figure>\n","protected":false},"excerpt":{"rendered":"<p>O Conselho Nacional do Minist\u00e9rio P\u00fablico (CNMP) pautou a representa\u00e7\u00e3o em que o ex-presidente Lula acusa o procurador Deltan Dallagnol e outros colegas dele da for\u00e7a-tarefa de Curitiba de abuso de poder ao darem a entrevista do PowerPoint, em 2016. O CNMP, que fiscaliza a atua\u00e7\u00e3o de procuradores e promotores, \u00e9 presidido pelo procurador-geral da Rep\u00fablica, Augusto Aras. A representa\u00e7\u00e3o de Lula contra Dallagnol ser\u00e1 julgada na ter\u00e7a-feira, dia 7 de julho, em uma sess\u00e3o virtual. Zanin far\u00e1 a&hellip;<\/p>\n","protected":false},"author":1,"featured_media":17391,"comment_status":"open","ping_status":"open","sticky":false,"template":"","format":"standard","meta":{"footnotes":""},"categories":[1],"tags":[],"class_list":["post-17390","post","type-post","status-publish","format-standard","has-post-thumbnail","hentry","category-noticias"],"_links":{"self":[{"href":"https:\/\/blogdorogeriogomes.com.br\/noticias\/wp-json\/wp\/v2\/posts\/17390","targetHints":{"allow":["GET"]}}],"collection":[{"href":"https:\/\/blogdorogeriogomes.com.br\/noticias\/wp-json\/wp\/v2\/posts"}],"about":[{"href":"https:\/\/blogdorogeriogomes.com.br\/noticias\/wp-json\/wp\/v2\/types\/post"}],"author":[{"embeddable":true,"href":"https:\/\/blogdorogeriogomes.com.br\/noticias\/wp-json\/wp\/v2\/users\/1"}],"replies":[{"embeddable":true,"href":"https:\/\/blogdorogeriogomes.com.br\/noticias\/wp-json\/wp\/v2\/comments?post=17390"}],"version-history":[{"count":1,"href":"https:\/\/blogdorogeriogomes.com.br\/noticias\/wp-json\/wp\/v2\/posts\/17390\/revisions"}],"predecessor-version":[{"id":17392,"href":"https:\/\/blogdorogeriogomes.com.br\/noticias\/wp-json\/wp\/v2\/posts\/17390\/revisions\/17392"}],"wp:featuredmedia":[{"embeddable":true,"href":"https:\/\/blogdorogeriogomes.com.br\/noticias\/wp-json\/wp\/v2\/media\/17391"}],"wp:attachment":[{"href":"https:\/\/blogdorogeriogomes.com.br\/noticias\/wp-json\/wp\/v2\/media?parent=17390"}],"wp:term":[{"taxonomy":"category","embeddable":true,"href":"https:\/\/blogdorogeriogomes.com.br\/noticias\/wp-json\/wp\/v2\/categories?post=17390"},{"taxonomy":"post_tag","embeddable":true,"href":"https:\/\/blogdorogeriogomes.com.br\/noticias\/wp-json\/wp\/v2\/tags?post=17390"}],"curies":[{"name":"wp","href":"https:\/\/api.w.org\/{rel}","templated":true}]}}