{"id":17393,"date":"2020-07-03T08:58:40","date_gmt":"2020-07-03T08:58:40","guid":{"rendered":"http:\/\/blogdorogeriogomes.com.br\/?p=17393"},"modified":"2020-07-03T13:33:11","modified_gmt":"2020-07-03T13:33:11","slug":"requalificacao-da-avenida-beira-mar-em-fortaleza-deve-ficar-pronta-ate-outubro-diz-prefeitura","status":"publish","type":"post","link":"https:\/\/blogdorogeriogomes.com.br\/noticias\/2020\/07\/requalificacao-da-avenida-beira-mar-em-fortaleza-deve-ficar-pronta-ate-outubro-diz-prefeitura\/","title":{"rendered":"Requalifica\u00e7\u00e3o da avenida Beira Mar em Fortaleza deve ficar pronta at\u00e9 outubro, diz Prefeitura"},"content":{"rendered":"\n<p>O prefeito de Fortaleza, Roberto Cl\u00e1udio, estima que as obras de requalifica\u00e7\u00e3o da avenida Beira Mar devem estar prontas at\u00e9 o pr\u00f3ximo m\u00eas de outubro. Ele confirmou a informa\u00e7\u00e3o durante uma conversa com consultores de investimento, nesta quinta-feira, dia 2 de julho. &#8220;Sobre a nossa Beira-mar, devemos estar com ela pronta agora em outubro e outras obras v\u00e3o estar prontas tamb\u00e9m. Mas o mais importantes \u00e9 deixarmos recursos em caixa para quem assumir, no futuro, a gest\u00e3o poder continuar os projetos na nossa cidade&#8221;, afirmou Roberto Cl\u00e1udio.<\/p>\n\n\n\n<p>Como j\u00e1 est\u00e1 no segundo mandato, Roberto Cl\u00e1udio n\u00e3o vai concorrer nas elei\u00e7\u00f5es municipais deste ano, mas garante que a Prefeitura de Fortaleza ter\u00e1 &#8220;caixa&#8221; para o pr\u00f3ximo gestor que ser\u00e1 eleito em novembro deste ano. &#8220;Vamos deixar em caixa pouco mais de R$ 1 bilh\u00e3o de reais para tocar novos projetos depois da elei\u00e7\u00e3o&#8221;, disse RC.<\/p>\n\n\n\n<figure class=\"wp-block-gallery columns-1 is-cropped wp-block-gallery-1 is-layout-flex wp-block-gallery-is-layout-flex\"><ul class=\"blocks-gallery-grid\"><li class=\"blocks-gallery-item\"><figure><img loading=\"lazy\" decoding=\"async\" width=\"770\" height=\"398\" src=\"http:\/\/blogdorogeriogomes.com.br\/wp-content\/uploads\/2020\/07\/images-6.jpeg\" alt=\"\" data-id=\"17394\" data-full-url=\"http:\/\/blogdorogeriogomes.com.br\/wp-content\/uploads\/2020\/07\/images-6.jpeg\" data-link=\"http:\/\/blogdorogeriogomes.com.br\/?attachment_id=17394\" class=\"wp-image-17394\" srcset=\"https:\/\/blogdorogeriogomes.com.br\/noticias\/wp-content\/uploads\/2020\/07\/images-6.jpeg 770w, https:\/\/blogdorogeriogomes.com.br\/noticias\/wp-content\/uploads\/2020\/07\/images-6-300x155.jpeg 300w, https:\/\/blogdorogeriogomes.com.br\/noticias\/wp-content\/uploads\/2020\/07\/images-6-768x397.jpeg 768w\" sizes=\"auto, (max-width: 770px) 100vw, 770px\" \/><\/figure><\/li><\/ul><\/figure>\n","protected":false},"excerpt":{"rendered":"<p>O prefeito de Fortaleza, Roberto Cl\u00e1udio, estima que as obras de requalifica\u00e7\u00e3o da avenida Beira Mar devem estar prontas at\u00e9 o pr\u00f3ximo m\u00eas de outubro. Ele confirmou a informa\u00e7\u00e3o durante uma conversa com consultores de investimento, nesta quinta-feira, dia 2 de julho. &#8220;Sobre a nossa Beira-mar, devemos estar com ela pronta agora em outubro e outras obras v\u00e3o estar prontas tamb\u00e9m. Mas o mais importantes \u00e9 deixarmos recursos em caixa para quem assumir, no futuro, a gest\u00e3o poder continuar&hellip;<\/p>\n","protected":false},"author":1,"featured_media":17394,"comment_status":"open","ping_status":"open","sticky":false,"template":"","format":"standard","meta":{"footnotes":""},"categories":[1],"tags":[],"class_list":["post-17393","post","type-post","status-publish","format-standard","has-post-thumbnail","hentry","category-noticias"],"_links":{"self":[{"href":"https:\/\/blogdorogeriogomes.com.br\/noticias\/wp-json\/wp\/v2\/posts\/17393","targetHints":{"allow":["GET"]}}],"collection":[{"href":"https:\/\/blogdorogeriogomes.com.br\/noticias\/wp-json\/wp\/v2\/posts"}],"about":[{"href":"https:\/\/blogdorogeriogomes.com.br\/noticias\/wp-json\/wp\/v2\/types\/post"}],"author":[{"embeddable":true,"href":"https:\/\/blogdorogeriogomes.com.br\/noticias\/wp-json\/wp\/v2\/users\/1"}],"replies":[{"embeddable":true,"href":"https:\/\/blogdorogeriogomes.com.br\/noticias\/wp-json\/wp\/v2\/comments?post=17393"}],"version-history":[{"count":1,"href":"https:\/\/blogdorogeriogomes.com.br\/noticias\/wp-json\/wp\/v2\/posts\/17393\/revisions"}],"predecessor-version":[{"id":17395,"href":"https:\/\/blogdorogeriogomes.com.br\/noticias\/wp-json\/wp\/v2\/posts\/17393\/revisions\/17395"}],"wp:featuredmedia":[{"embeddable":true,"href":"https:\/\/blogdorogeriogomes.com.br\/noticias\/wp-json\/wp\/v2\/media\/17394"}],"wp:attachment":[{"href":"https:\/\/blogdorogeriogomes.com.br\/noticias\/wp-json\/wp\/v2\/media?parent=17393"}],"wp:term":[{"taxonomy":"category","embeddable":true,"href":"https:\/\/blogdorogeriogomes.com.br\/noticias\/wp-json\/wp\/v2\/categories?post=17393"},{"taxonomy":"post_tag","embeddable":true,"href":"https:\/\/blogdorogeriogomes.com.br\/noticias\/wp-json\/wp\/v2\/tags?post=17393"}],"curies":[{"name":"wp","href":"https:\/\/api.w.org\/{rel}","templated":true}]}}