{"id":17396,"date":"2020-07-03T09:23:07","date_gmt":"2020-07-03T09:23:07","guid":{"rendered":"http:\/\/blogdorogeriogomes.com.br\/?p=17396"},"modified":"2020-07-03T13:33:02","modified_gmt":"2020-07-03T13:33:02","slug":"rede-que-espalha-fake-news-em-favor-de-bolsonaro-entra-na-mira-de-investigacao-da-policia-federal","status":"publish","type":"post","link":"https:\/\/blogdorogeriogomes.com.br\/noticias\/2020\/07\/rede-que-espalha-fake-news-em-favor-de-bolsonaro-entra-na-mira-de-investigacao-da-policia-federal\/","title":{"rendered":"Rede que espalha fake news em favor de Bolsonaro entra na mira de investiga\u00e7\u00e3o da Pol\u00edcia Federal"},"content":{"rendered":"\n<p>Uma rede de dissemina\u00e7\u00e3o de fake news nas m\u00eddias sociais a favor do presidente Jair Bolsonaro e contra seus advers\u00e1rios, que atuou nas elei\u00e7\u00f5es de 2018, \u00e9 investigada pela Pol\u00edcia Federal e pela Procuradoria-Geral da Rep\u00fablica por ajudar a promover as recentes manifesta\u00e7\u00f5es antidemocr\u00e1ticas contra o Supremo Tribunal Federal e o Congresso Nacional.<\/p>\n\n\n\n<p>De acordo com decis\u00e3o do ministro Alexandre de Moraes, do STF, as empresas &#8220;Novo Brasil Empreendimentos Ltda.&#8221; e &#8220;Raposo Fernandes Marketing Digital Ltda.&#8221; est\u00e3o entre as que sofreram batida da PF. Segundo a PGR, elas s\u00e3o investigadas por fazer parte da organiza\u00e7\u00e3o criminosa que tenta desestabilizar a democracia no pa\u00eds com pedidos de interven\u00e7\u00e3o militar a favor de Bolsonaro.<\/p>\n\n\n\n<p>Enquanto isso, l\u00edderes partid\u00e1rios na C\u00e2mara dos Deputados, em Bras\u00edlia, discutem nesta sexta-feira, dia 3 de julho, o projeto das fake news, aprovado nesta semana no Senado e que imp\u00f5e regras para evitar a dissemina\u00e7\u00e3o em massa de informa\u00e7\u00f5es falsas. A ideia \u00e9 eliminar a pr\u00e1tica no per\u00edodo de campanha eleitoral, principalmente, porque os meios digitais ser\u00e3o bastante utilizados este ano por causa da pandemia do coronav\u00edrus.<\/p>\n\n\n\n<figure class=\"wp-block-gallery columns-1 is-cropped wp-block-gallery-1 is-layout-flex wp-block-gallery-is-layout-flex\"><ul class=\"blocks-gallery-grid\"><li class=\"blocks-gallery-item\"><figure><img loading=\"lazy\" decoding=\"async\" width=\"450\" height=\"450\" src=\"http:\/\/blogdorogeriogomes.com.br\/wp-content\/uploads\/2020\/07\/celulares-usados-em-empresa-para-enviar-mensagens-de-whatsapp-em-massa-1560844071349_v2_450x450.jpg\" alt=\"\" data-id=\"17397\" data-full-url=\"http:\/\/blogdorogeriogomes.com.br\/wp-content\/uploads\/2020\/07\/celulares-usados-em-empresa-para-enviar-mensagens-de-whatsapp-em-massa-1560844071349_v2_450x450.jpg\" data-link=\"http:\/\/blogdorogeriogomes.com.br\/?attachment_id=17397\" class=\"wp-image-17397\" srcset=\"https:\/\/blogdorogeriogomes.com.br\/noticias\/wp-content\/uploads\/2020\/07\/celulares-usados-em-empresa-para-enviar-mensagens-de-whatsapp-em-massa-1560844071349_v2_450x450.jpg 450w, https:\/\/blogdorogeriogomes.com.br\/noticias\/wp-content\/uploads\/2020\/07\/celulares-usados-em-empresa-para-enviar-mensagens-de-whatsapp-em-massa-1560844071349_v2_450x450-300x300.jpg 300w, https:\/\/blogdorogeriogomes.com.br\/noticias\/wp-content\/uploads\/2020\/07\/celulares-usados-em-empresa-para-enviar-mensagens-de-whatsapp-em-massa-1560844071349_v2_450x450-150x150.jpg 150w, https:\/\/blogdorogeriogomes.com.br\/noticias\/wp-content\/uploads\/2020\/07\/celulares-usados-em-empresa-para-enviar-mensagens-de-whatsapp-em-massa-1560844071349_v2_450x450-250x250.jpg 250w\" sizes=\"auto, (max-width: 450px) 100vw, 450px\" \/><\/figure><\/li><\/ul><\/figure>\n\n\n\n<p><\/p>\n","protected":false},"excerpt":{"rendered":"<p>Uma rede de dissemina\u00e7\u00e3o de fake news nas m\u00eddias sociais a favor do presidente Jair Bolsonaro e contra seus advers\u00e1rios, que atuou nas elei\u00e7\u00f5es de 2018, \u00e9 investigada pela Pol\u00edcia Federal e pela Procuradoria-Geral da Rep\u00fablica por ajudar a promover as recentes manifesta\u00e7\u00f5es antidemocr\u00e1ticas contra o Supremo Tribunal Federal e o Congresso Nacional. De acordo com decis\u00e3o do ministro Alexandre de Moraes, do STF, as empresas &#8220;Novo Brasil Empreendimentos Ltda.&#8221; e &#8220;Raposo Fernandes Marketing Digital Ltda.&#8221; est\u00e3o entre as&hellip;<\/p>\n","protected":false},"author":1,"featured_media":17397,"comment_status":"open","ping_status":"open","sticky":false,"template":"","format":"standard","meta":{"footnotes":""},"categories":[1],"tags":[],"class_list":["post-17396","post","type-post","status-publish","format-standard","has-post-thumbnail","hentry","category-noticias"],"_links":{"self":[{"href":"https:\/\/blogdorogeriogomes.com.br\/noticias\/wp-json\/wp\/v2\/posts\/17396","targetHints":{"allow":["GET"]}}],"collection":[{"href":"https:\/\/blogdorogeriogomes.com.br\/noticias\/wp-json\/wp\/v2\/posts"}],"about":[{"href":"https:\/\/blogdorogeriogomes.com.br\/noticias\/wp-json\/wp\/v2\/types\/post"}],"author":[{"embeddable":true,"href":"https:\/\/blogdorogeriogomes.com.br\/noticias\/wp-json\/wp\/v2\/users\/1"}],"replies":[{"embeddable":true,"href":"https:\/\/blogdorogeriogomes.com.br\/noticias\/wp-json\/wp\/v2\/comments?post=17396"}],"version-history":[{"count":1,"href":"https:\/\/blogdorogeriogomes.com.br\/noticias\/wp-json\/wp\/v2\/posts\/17396\/revisions"}],"predecessor-version":[{"id":17398,"href":"https:\/\/blogdorogeriogomes.com.br\/noticias\/wp-json\/wp\/v2\/posts\/17396\/revisions\/17398"}],"wp:featuredmedia":[{"embeddable":true,"href":"https:\/\/blogdorogeriogomes.com.br\/noticias\/wp-json\/wp\/v2\/media\/17397"}],"wp:attachment":[{"href":"https:\/\/blogdorogeriogomes.com.br\/noticias\/wp-json\/wp\/v2\/media?parent=17396"}],"wp:term":[{"taxonomy":"category","embeddable":true,"href":"https:\/\/blogdorogeriogomes.com.br\/noticias\/wp-json\/wp\/v2\/categories?post=17396"},{"taxonomy":"post_tag","embeddable":true,"href":"https:\/\/blogdorogeriogomes.com.br\/noticias\/wp-json\/wp\/v2\/tags?post=17396"}],"curies":[{"name":"wp","href":"https:\/\/api.w.org\/{rel}","templated":true}]}}