{"id":17399,"date":"2020-07-03T11:23:49","date_gmt":"2020-07-03T11:23:49","guid":{"rendered":"http:\/\/blogdorogeriogomes.com.br\/?p=17399"},"modified":"2020-07-03T13:32:52","modified_gmt":"2020-07-03T13:32:52","slug":"lava-jato-denuncia-ex-governador-jose-serra-por-lavagem-de-dinheiro","status":"publish","type":"post","link":"https:\/\/blogdorogeriogomes.com.br\/noticias\/2020\/07\/lava-jato-denuncia-ex-governador-jose-serra-por-lavagem-de-dinheiro\/","title":{"rendered":"Lava Jato den\u00fancia ex-governador Jos\u00e9 Serra por lavagem de dinheiro"},"content":{"rendered":"\n<p>A for\u00e7a-tarefa da Opera\u00e7\u00e3o Lava Jato em S\u00e3o Paulo denunciou o senador e ex-governador de S\u00e3o Paulo Jos\u00e9 Serra (PSDB) por lavagem de dinheiro. A Pol\u00edcia Federal come\u00e7ou a fazer, no in\u00edcio da manh\u00e3 desta sexta-feira, dia 3 de julho, buscas contra ele em uma nova fase da opera\u00e7\u00e3o.<\/p>\n\n\n\n<p>De acordo com a den\u00fancia, Jos\u00e9 Serra usou o cargo de governador entre 2006 e 2007 para receber da Odebrecht pagamentos indevidos em troca de benefi\u0301cios relacionados a\u0300s obras do Rodoanel Sul.<\/p>\n\n\n\n<figure class=\"wp-block-gallery columns-1 is-cropped wp-block-gallery-1 is-layout-flex wp-block-gallery-is-layout-flex\"><ul class=\"blocks-gallery-grid\"><li class=\"blocks-gallery-item\"><figure><img loading=\"lazy\" decoding=\"async\" width=\"560\" height=\"350\" src=\"http:\/\/blogdorogeriogomes.com.br\/wp-content\/uploads\/2020\/07\/images.jpeg\" alt=\"\" data-id=\"17400\" data-full-url=\"http:\/\/blogdorogeriogomes.com.br\/wp-content\/uploads\/2020\/07\/images.jpeg\" data-link=\"http:\/\/blogdorogeriogomes.com.br\/?attachment_id=17400\" class=\"wp-image-17400\" srcset=\"https:\/\/blogdorogeriogomes.com.br\/noticias\/wp-content\/uploads\/2020\/07\/images.jpeg 560w, https:\/\/blogdorogeriogomes.com.br\/noticias\/wp-content\/uploads\/2020\/07\/images-300x188.jpeg 300w\" sizes=\"auto, (max-width: 560px) 100vw, 560px\" \/><\/figure><\/li><\/ul><\/figure>\n","protected":false},"excerpt":{"rendered":"<p>A for\u00e7a-tarefa da Opera\u00e7\u00e3o Lava Jato em S\u00e3o Paulo denunciou o senador e ex-governador de S\u00e3o Paulo Jos\u00e9 Serra (PSDB) por lavagem de dinheiro. A Pol\u00edcia Federal come\u00e7ou a fazer, no in\u00edcio da manh\u00e3 desta sexta-feira, dia 3 de julho, buscas contra ele em uma nova fase da opera\u00e7\u00e3o. De acordo com a den\u00fancia, Jos\u00e9 Serra usou o cargo de governador entre 2006 e 2007 para receber da Odebrecht pagamentos indevidos em troca de benefi\u0301cios relacionados a\u0300s obras do&hellip;<\/p>\n","protected":false},"author":1,"featured_media":17400,"comment_status":"open","ping_status":"open","sticky":false,"template":"","format":"standard","meta":{"footnotes":""},"categories":[1],"tags":[],"class_list":["post-17399","post","type-post","status-publish","format-standard","has-post-thumbnail","hentry","category-noticias"],"_links":{"self":[{"href":"https:\/\/blogdorogeriogomes.com.br\/noticias\/wp-json\/wp\/v2\/posts\/17399","targetHints":{"allow":["GET"]}}],"collection":[{"href":"https:\/\/blogdorogeriogomes.com.br\/noticias\/wp-json\/wp\/v2\/posts"}],"about":[{"href":"https:\/\/blogdorogeriogomes.com.br\/noticias\/wp-json\/wp\/v2\/types\/post"}],"author":[{"embeddable":true,"href":"https:\/\/blogdorogeriogomes.com.br\/noticias\/wp-json\/wp\/v2\/users\/1"}],"replies":[{"embeddable":true,"href":"https:\/\/blogdorogeriogomes.com.br\/noticias\/wp-json\/wp\/v2\/comments?post=17399"}],"version-history":[{"count":1,"href":"https:\/\/blogdorogeriogomes.com.br\/noticias\/wp-json\/wp\/v2\/posts\/17399\/revisions"}],"predecessor-version":[{"id":17401,"href":"https:\/\/blogdorogeriogomes.com.br\/noticias\/wp-json\/wp\/v2\/posts\/17399\/revisions\/17401"}],"wp:featuredmedia":[{"embeddable":true,"href":"https:\/\/blogdorogeriogomes.com.br\/noticias\/wp-json\/wp\/v2\/media\/17400"}],"wp:attachment":[{"href":"https:\/\/blogdorogeriogomes.com.br\/noticias\/wp-json\/wp\/v2\/media?parent=17399"}],"wp:term":[{"taxonomy":"category","embeddable":true,"href":"https:\/\/blogdorogeriogomes.com.br\/noticias\/wp-json\/wp\/v2\/categories?post=17399"},{"taxonomy":"post_tag","embeddable":true,"href":"https:\/\/blogdorogeriogomes.com.br\/noticias\/wp-json\/wp\/v2\/tags?post=17399"}],"curies":[{"name":"wp","href":"https:\/\/api.w.org\/{rel}","templated":true}]}}