{"id":17403,"date":"2020-07-03T18:07:21","date_gmt":"2020-07-03T18:07:21","guid":{"rendered":"http:\/\/blogdorogeriogomes.com.br\/?p=17403"},"modified":"2020-07-06T10:14:37","modified_gmt":"2020-07-06T10:14:37","slug":"roberto-claudio-promete-pagar-primeira-parcela-do-13-dos-servidores-no-dia-20-de-agosto","status":"publish","type":"post","link":"https:\/\/blogdorogeriogomes.com.br\/noticias\/2020\/07\/roberto-claudio-promete-pagar-primeira-parcela-do-13-dos-servidores-no-dia-20-de-agosto\/","title":{"rendered":"Roberto Cl\u00e1udio promete pagar primeira parcela do 13\u00b0 dos servidores no dia 20 de agosto"},"content":{"rendered":"\n<p><\/p>\n\n\n\n<p>O prefeito Roberto Cl\u00e1udio anunciou, nesta sexta-feira, dia 3 de julho, durante reuni\u00e3o com representantes de servidores municipais na Mesa Permanente de Negocia\u00e7\u00e3o e uma comiss\u00e3o de vereadores, que a Prefeitura de Fortaleza vai garantir o pagamento antecipado da primeira parcela do 13\u00ba sal\u00e1rio dos servidores municipais da Prefeitura de Fortaleza. O pagamento antecipado ser\u00e1 efetuado no dia 20 de agosto. <\/p>\n\n\n\n<p>A folha extra vai totalizar um montante de cerca de R$ 98 milh\u00f5es, calculada com base na folha de pagamento do m\u00eas de julho, beneficiando 52.339 servidores ativos, aposentados e pensionistas.<br> \u201cA Prefeitura de Fortaleza continua empenhada em manter o equil\u00edbrio das contas p\u00fablicas, assegurando os compromissos com os servidores, gra\u00e7as ao diligente trabalho do nosso Comit\u00ea de Gest\u00e3o por Resultados e Gest\u00e3o Fiscal de Fortaleza, agora com uma preocupa\u00e7\u00e3o extra por causa da pandemia\u201d, afirmou o prefeito Roberto Claudio.&nbsp;<br> Somando a folha de pagamento do m\u00eas de julho, que ser\u00e1 paga no dia 1\u00ba de agosto, com a primeira parcela do 13\u00ba e a folha do m\u00eas de agosto, que ser\u00e1 paga no dia 1\u00ba de setembro, a Prefeitura de Fortaleza estar\u00e1 injetando na economia local mais de R$ 698 milh\u00f5es, no per\u00edodo de 31 dias.<\/p>\n\n\n\n<figure class=\"wp-block-gallery columns-1 is-cropped wp-block-gallery-1 is-layout-flex wp-block-gallery-is-layout-flex\"><ul class=\"blocks-gallery-grid\"><li class=\"blocks-gallery-item\"><figure><img loading=\"lazy\" decoding=\"async\" width=\"723\" height=\"424\" src=\"http:\/\/blogdorogeriogomes.com.br\/wp-content\/uploads\/2020\/07\/images-1.jpeg\" alt=\"\" data-id=\"17404\" data-full-url=\"http:\/\/blogdorogeriogomes.com.br\/wp-content\/uploads\/2020\/07\/images-1.jpeg\" data-link=\"http:\/\/blogdorogeriogomes.com.br\/?attachment_id=17404\" class=\"wp-image-17404\" srcset=\"https:\/\/blogdorogeriogomes.com.br\/noticias\/wp-content\/uploads\/2020\/07\/images-1.jpeg 723w, https:\/\/blogdorogeriogomes.com.br\/noticias\/wp-content\/uploads\/2020\/07\/images-1-300x176.jpeg 300w\" sizes=\"auto, (max-width: 723px) 100vw, 723px\" \/><\/figure><\/li><\/ul><\/figure>\n","protected":false},"excerpt":{"rendered":"<p>O prefeito Roberto Cl\u00e1udio anunciou, nesta sexta-feira, dia 3 de julho, durante reuni\u00e3o com representantes de servidores municipais na Mesa Permanente de Negocia\u00e7\u00e3o e uma comiss\u00e3o de vereadores, que a Prefeitura de Fortaleza vai garantir o pagamento antecipado da primeira parcela do 13\u00ba sal\u00e1rio dos servidores municipais da Prefeitura de Fortaleza. O pagamento antecipado ser\u00e1 efetuado no dia 20 de agosto. A folha extra vai totalizar um montante de cerca de R$ 98 milh\u00f5es, calculada com base na folha&hellip;<\/p>\n","protected":false},"author":1,"featured_media":17404,"comment_status":"open","ping_status":"open","sticky":false,"template":"","format":"standard","meta":{"footnotes":""},"categories":[1],"tags":[],"class_list":["post-17403","post","type-post","status-publish","format-standard","has-post-thumbnail","hentry","category-noticias"],"_links":{"self":[{"href":"https:\/\/blogdorogeriogomes.com.br\/noticias\/wp-json\/wp\/v2\/posts\/17403","targetHints":{"allow":["GET"]}}],"collection":[{"href":"https:\/\/blogdorogeriogomes.com.br\/noticias\/wp-json\/wp\/v2\/posts"}],"about":[{"href":"https:\/\/blogdorogeriogomes.com.br\/noticias\/wp-json\/wp\/v2\/types\/post"}],"author":[{"embeddable":true,"href":"https:\/\/blogdorogeriogomes.com.br\/noticias\/wp-json\/wp\/v2\/users\/1"}],"replies":[{"embeddable":true,"href":"https:\/\/blogdorogeriogomes.com.br\/noticias\/wp-json\/wp\/v2\/comments?post=17403"}],"version-history":[{"count":2,"href":"https:\/\/blogdorogeriogomes.com.br\/noticias\/wp-json\/wp\/v2\/posts\/17403\/revisions"}],"predecessor-version":[{"id":17432,"href":"https:\/\/blogdorogeriogomes.com.br\/noticias\/wp-json\/wp\/v2\/posts\/17403\/revisions\/17432"}],"wp:featuredmedia":[{"embeddable":true,"href":"https:\/\/blogdorogeriogomes.com.br\/noticias\/wp-json\/wp\/v2\/media\/17404"}],"wp:attachment":[{"href":"https:\/\/blogdorogeriogomes.com.br\/noticias\/wp-json\/wp\/v2\/media?parent=17403"}],"wp:term":[{"taxonomy":"category","embeddable":true,"href":"https:\/\/blogdorogeriogomes.com.br\/noticias\/wp-json\/wp\/v2\/categories?post=17403"},{"taxonomy":"post_tag","embeddable":true,"href":"https:\/\/blogdorogeriogomes.com.br\/noticias\/wp-json\/wp\/v2\/tags?post=17403"}],"curies":[{"name":"wp","href":"https:\/\/api.w.org\/{rel}","templated":true}]}}