{"id":17406,"date":"2020-07-03T21:12:00","date_gmt":"2020-07-03T21:12:00","guid":{"rendered":"http:\/\/blogdorogeriogomes.com.br\/?p=17406"},"modified":"2020-07-06T10:14:28","modified_gmt":"2020-07-06T10:14:28","slug":"indicado-por-bolsonaro-para-o-ministerio-da-educacao-ja-comeca-a-sofrer-pressao-de-ala-radical","status":"publish","type":"post","link":"https:\/\/blogdorogeriogomes.com.br\/noticias\/2020\/07\/indicado-por-bolsonaro-para-o-ministerio-da-educacao-ja-comeca-a-sofrer-pressao-de-ala-radical\/","title":{"rendered":"Indicado por Bolsonaro para o Minist\u00e9rio da Educa\u00e7\u00e3o j\u00e1 come\u00e7a a sofrer press\u00e3o de ala radical"},"content":{"rendered":"\n<p>O novo nome indicado pelo presidente Jair Bolsonaro para assumir o Minist\u00e9rio da Educa\u00e7\u00e3o nem foi anunciado oficialmente e j\u00e1 passou a receber press\u00e3o de bolsonaristas radicais nas redes sociais. Alas ligadas a Olavo de Carvalho e aos militares no governo pressionam Bolsonaro a reverter o convite feito ao secret\u00e1rio de Educa\u00e7\u00e3o do Paran\u00e1, Renato Feder, para assumir o comando da pasta de Educa\u00e7\u00e3o.<\/p>\n\n\n\n<p>Feder virou alvo do grupo ideol\u00f3gico e da base bolsonarista nas redes sociais por causa da liga\u00e7\u00e3o dele com o governador Jo\u00e3o Doria (PSDB-SP). Os aliados tamb\u00e9m dizem que a escolha foi feita para agradar empres\u00e1rios e apaziguar a guerra ideol\u00f3gica. Para os militares, Feder \u00e9 um empres\u00e1rio que quer fazer carreira na pol\u00edtica, mas n\u00e3o tem experi\u00eancia. <\/p>\n\n\n\n<p>Enquanto isso, o Minist\u00e9rio da Educa\u00e7\u00e3o segue sem comando, mostrando paralisia nas a\u00e7\u00f5es, fruto de administra\u00e7\u00f5es consideradas desastrosas dos ex-ministros Ricardo Velez e Abraham Weintraub.<\/p>\n\n\n\n<figure class=\"wp-block-gallery columns-1 is-cropped wp-block-gallery-1 is-layout-flex wp-block-gallery-is-layout-flex\"><ul class=\"blocks-gallery-grid\"><li class=\"blocks-gallery-item\"><figure><img loading=\"lazy\" decoding=\"async\" width=\"800\" height=\"384\" src=\"http:\/\/blogdorogeriogomes.com.br\/wp-content\/uploads\/2020\/07\/images-2-1.jpeg\" alt=\"\" data-id=\"17407\" data-full-url=\"http:\/\/blogdorogeriogomes.com.br\/wp-content\/uploads\/2020\/07\/images-2-1.jpeg\" data-link=\"http:\/\/blogdorogeriogomes.com.br\/?attachment_id=17407\" class=\"wp-image-17407\" srcset=\"https:\/\/blogdorogeriogomes.com.br\/noticias\/wp-content\/uploads\/2020\/07\/images-2-1.jpeg 800w, https:\/\/blogdorogeriogomes.com.br\/noticias\/wp-content\/uploads\/2020\/07\/images-2-1-300x144.jpeg 300w, https:\/\/blogdorogeriogomes.com.br\/noticias\/wp-content\/uploads\/2020\/07\/images-2-1-768x369.jpeg 768w\" sizes=\"auto, (max-width: 800px) 100vw, 800px\" \/><\/figure><\/li><\/ul><\/figure>\n\n\n\n<p><\/p>\n","protected":false},"excerpt":{"rendered":"<p>O novo nome indicado pelo presidente Jair Bolsonaro para assumir o Minist\u00e9rio da Educa\u00e7\u00e3o nem foi anunciado oficialmente e j\u00e1 passou a receber press\u00e3o de bolsonaristas radicais nas redes sociais. Alas ligadas a Olavo de Carvalho e aos militares no governo pressionam Bolsonaro a reverter o convite feito ao secret\u00e1rio de Educa\u00e7\u00e3o do Paran\u00e1, Renato Feder, para assumir o comando da pasta de Educa\u00e7\u00e3o. Feder virou alvo do grupo ideol\u00f3gico e da base bolsonarista nas redes sociais por causa&hellip;<\/p>\n","protected":false},"author":1,"featured_media":17407,"comment_status":"open","ping_status":"open","sticky":false,"template":"","format":"standard","meta":{"footnotes":""},"categories":[1],"tags":[],"class_list":["post-17406","post","type-post","status-publish","format-standard","has-post-thumbnail","hentry","category-noticias"],"_links":{"self":[{"href":"https:\/\/blogdorogeriogomes.com.br\/noticias\/wp-json\/wp\/v2\/posts\/17406","targetHints":{"allow":["GET"]}}],"collection":[{"href":"https:\/\/blogdorogeriogomes.com.br\/noticias\/wp-json\/wp\/v2\/posts"}],"about":[{"href":"https:\/\/blogdorogeriogomes.com.br\/noticias\/wp-json\/wp\/v2\/types\/post"}],"author":[{"embeddable":true,"href":"https:\/\/blogdorogeriogomes.com.br\/noticias\/wp-json\/wp\/v2\/users\/1"}],"replies":[{"embeddable":true,"href":"https:\/\/blogdorogeriogomes.com.br\/noticias\/wp-json\/wp\/v2\/comments?post=17406"}],"version-history":[{"count":1,"href":"https:\/\/blogdorogeriogomes.com.br\/noticias\/wp-json\/wp\/v2\/posts\/17406\/revisions"}],"predecessor-version":[{"id":17408,"href":"https:\/\/blogdorogeriogomes.com.br\/noticias\/wp-json\/wp\/v2\/posts\/17406\/revisions\/17408"}],"wp:featuredmedia":[{"embeddable":true,"href":"https:\/\/blogdorogeriogomes.com.br\/noticias\/wp-json\/wp\/v2\/media\/17407"}],"wp:attachment":[{"href":"https:\/\/blogdorogeriogomes.com.br\/noticias\/wp-json\/wp\/v2\/media?parent=17406"}],"wp:term":[{"taxonomy":"category","embeddable":true,"href":"https:\/\/blogdorogeriogomes.com.br\/noticias\/wp-json\/wp\/v2\/categories?post=17406"},{"taxonomy":"post_tag","embeddable":true,"href":"https:\/\/blogdorogeriogomes.com.br\/noticias\/wp-json\/wp\/v2\/tags?post=17406"}],"curies":[{"name":"wp","href":"https:\/\/api.w.org\/{rel}","templated":true}]}}