{"id":17409,"date":"2020-07-04T11:24:29","date_gmt":"2020-07-04T11:24:29","guid":{"rendered":"http:\/\/blogdorogeriogomes.com.br\/?p=17409"},"modified":"2020-07-06T10:14:19","modified_gmt":"2020-07-06T10:14:19","slug":"pdt-aciona-stf-para-barrar-tentativa-de-bolsonaro-de-impedir-uso-obrigatorio-da-mascara-de-protecao-ao-coronavirus","status":"publish","type":"post","link":"https:\/\/blogdorogeriogomes.com.br\/noticias\/2020\/07\/pdt-aciona-stf-para-barrar-tentativa-de-bolsonaro-de-impedir-uso-obrigatorio-da-mascara-de-protecao-ao-coronavirus\/","title":{"rendered":"PDT aciona STF para barrar tentativa de Bolsonaro de impedir uso obrigat\u00f3rio da m\u00e1scara de prote\u00e7\u00e3o ao coronav\u00edrus"},"content":{"rendered":"\n<p>A tentativa do presidente Jair Bolsonaro de derrubar a obrigatoriedade do uso da m\u00e1scara em todo o Pa\u00eds, como forma de preven\u00e7\u00e3o ao coronav\u00edrus, teve rea\u00e7\u00e3o imediata ainda nesta sexta-feira, dia 3 de julho. O PDT acionou o Supremo Tribunal Federal (STF) com uma a\u00e7\u00e3o para suspender o veto do presidente ao trecho da Lei Federal, que trata da obrigatoriedade do uso de m\u00e1scaras para circula\u00e7\u00e3o em \u00f3rg\u00e3os e entidades p\u00fablicas e em estabelecimentos comerciais, industriais, templos religiosos, institui\u00e7\u00f5es de ensino e demais locais fechados em que ocorra reuni\u00e3o de pessoas.&nbsp;O Congresso Nacional deve agora analisar o veto do presidente Jair Bolsonaro, no prazo de at\u00e9 30 dias, e pode acatar ou derrubar a medida.<\/p>\n\n\n\n<p>Vale lembrar que, de acordo com parecer anterior do STF, governadores e prefeitos t\u00eam autonomia para definir as regras de isolamento social. Por isso, no Cear\u00e1, continua a vigorar o que diz o decreto do governador Camilo Santana que exige o uso da m\u00e1scara de prote\u00e7\u00e3o em todo o Estado.<\/p>\n\n\n\n<figure class=\"wp-block-gallery columns-1 is-cropped wp-block-gallery-1 is-layout-flex wp-block-gallery-is-layout-flex\"><ul class=\"blocks-gallery-grid\"><li class=\"blocks-gallery-item\"><figure><img loading=\"lazy\" decoding=\"async\" width=\"679\" height=\"452\" src=\"http:\/\/blogdorogeriogomes.com.br\/wp-content\/uploads\/2020\/07\/images-7.jpeg\" alt=\"\" data-id=\"17410\" data-full-url=\"http:\/\/blogdorogeriogomes.com.br\/wp-content\/uploads\/2020\/07\/images-7.jpeg\" data-link=\"http:\/\/blogdorogeriogomes.com.br\/?attachment_id=17410\" class=\"wp-image-17410\" srcset=\"https:\/\/blogdorogeriogomes.com.br\/noticias\/wp-content\/uploads\/2020\/07\/images-7.jpeg 679w, https:\/\/blogdorogeriogomes.com.br\/noticias\/wp-content\/uploads\/2020\/07\/images-7-300x200.jpeg 300w\" sizes=\"auto, (max-width: 679px) 100vw, 679px\" \/><\/figure><\/li><\/ul><\/figure>\n","protected":false},"excerpt":{"rendered":"<p>A tentativa do presidente Jair Bolsonaro de derrubar a obrigatoriedade do uso da m\u00e1scara em todo o Pa\u00eds, como forma de preven\u00e7\u00e3o ao coronav\u00edrus, teve rea\u00e7\u00e3o imediata ainda nesta sexta-feira, dia 3 de julho. O PDT acionou o Supremo Tribunal Federal (STF) com uma a\u00e7\u00e3o para suspender o veto do presidente ao trecho da Lei Federal, que trata da obrigatoriedade do uso de m\u00e1scaras para circula\u00e7\u00e3o em \u00f3rg\u00e3os e entidades p\u00fablicas e em estabelecimentos comerciais, industriais, templos religiosos, institui\u00e7\u00f5es&hellip;<\/p>\n","protected":false},"author":1,"featured_media":17410,"comment_status":"open","ping_status":"open","sticky":false,"template":"","format":"standard","meta":{"footnotes":""},"categories":[1],"tags":[],"class_list":["post-17409","post","type-post","status-publish","format-standard","has-post-thumbnail","hentry","category-noticias"],"_links":{"self":[{"href":"https:\/\/blogdorogeriogomes.com.br\/noticias\/wp-json\/wp\/v2\/posts\/17409","targetHints":{"allow":["GET"]}}],"collection":[{"href":"https:\/\/blogdorogeriogomes.com.br\/noticias\/wp-json\/wp\/v2\/posts"}],"about":[{"href":"https:\/\/blogdorogeriogomes.com.br\/noticias\/wp-json\/wp\/v2\/types\/post"}],"author":[{"embeddable":true,"href":"https:\/\/blogdorogeriogomes.com.br\/noticias\/wp-json\/wp\/v2\/users\/1"}],"replies":[{"embeddable":true,"href":"https:\/\/blogdorogeriogomes.com.br\/noticias\/wp-json\/wp\/v2\/comments?post=17409"}],"version-history":[{"count":2,"href":"https:\/\/blogdorogeriogomes.com.br\/noticias\/wp-json\/wp\/v2\/posts\/17409\/revisions"}],"predecessor-version":[{"id":17431,"href":"https:\/\/blogdorogeriogomes.com.br\/noticias\/wp-json\/wp\/v2\/posts\/17409\/revisions\/17431"}],"wp:featuredmedia":[{"embeddable":true,"href":"https:\/\/blogdorogeriogomes.com.br\/noticias\/wp-json\/wp\/v2\/media\/17410"}],"wp:attachment":[{"href":"https:\/\/blogdorogeriogomes.com.br\/noticias\/wp-json\/wp\/v2\/media?parent=17409"}],"wp:term":[{"taxonomy":"category","embeddable":true,"href":"https:\/\/blogdorogeriogomes.com.br\/noticias\/wp-json\/wp\/v2\/categories?post=17409"},{"taxonomy":"post_tag","embeddable":true,"href":"https:\/\/blogdorogeriogomes.com.br\/noticias\/wp-json\/wp\/v2\/tags?post=17409"}],"curies":[{"name":"wp","href":"https:\/\/api.w.org\/{rel}","templated":true}]}}