{"id":17416,"date":"2020-07-04T16:29:36","date_gmt":"2020-07-04T16:29:36","guid":{"rendered":"http:\/\/blogdorogeriogomes.com.br\/?p=17416"},"modified":"2020-07-06T10:13:56","modified_gmt":"2020-07-06T10:13:56","slug":"camilo-santana-libera-fase-3-para-fortaleza-mas-sem-restaurantes-a-noite-e-nem-barracas-de-praia","status":"publish","type":"post","link":"https:\/\/blogdorogeriogomes.com.br\/noticias\/2020\/07\/camilo-santana-libera-fase-3-para-fortaleza-mas-sem-restaurantes-a-noite-e-nem-barracas-de-praia\/","title":{"rendered":"Camilo Santana libera Fase 3 para Fortaleza mas sem restaurantes \u00e0 noite e nem barracas de praia"},"content":{"rendered":"\n<p>O governador Camilo Santana e o prefeito de Fortaleza, Roberto Cl\u00e1udio, anunciaram no in\u00edcio da tarde deste s\u00e1bado, dia 4 de julho, a renova\u00e7\u00e3o do decreto governamental que determina regras de isolamento social, a partir de segunda-feira, dia 6. Fortaleza migra para a Fase 3 do plano de retomada das atividades econ\u00f4micas, mas sem a abertura de restaurantes \u00e0 noite e nem com o funcionamento das barracas de praia, como estava sendo esperado pelos empres\u00e1rios do setor. Espa\u00e7os p\u00fablicos  como praias e cal\u00e7ad\u00f5es passam a ser liberados para atividades f\u00edsicas individuais.<\/p>\n\n\n\n<p>As cidades de Sobral, Juazeiro do Norte, Iguatu, Crato, Barbalha, Brejo Santo e Tiangu\u00e1 permanecem com regras r\u00edgidas de distanciamento social. Munic\u00edpios da Macrorregi\u00e3o de Fortaleza avan\u00e7am para a Fase 2; Macrorregi\u00f5es do Sert\u00e3o Central, Litoral Leste\/Jaguaribe avan\u00e7am para a Fase 1; e Macrorregi\u00f5es Norte e Cariri permanecem na Fase de Transi\u00e7\u00e3o da Economia.<\/p>\n\n\n\n<p>O transporte intermunicipal de passageiros retorna a partir do dia 10 de julho, com o devido protocolo sanit\u00e1rio sendo exigido. &#8220;Volto a alertar que a pandemia continua. Ainda \u00e9 grave. S\u00f3 saia de casa se for necess\u00e1rio, e sempre usando m\u00e1scara. Juntos, vamos vencer o coronav\u00edrus&#8221;, disse Camilo Santana.<\/p>\n\n\n\n<figure class=\"wp-block-gallery columns-1 is-cropped wp-block-gallery-1 is-layout-flex wp-block-gallery-is-layout-flex\"><ul class=\"blocks-gallery-grid\"><li class=\"blocks-gallery-item\"><figure><img loading=\"lazy\" decoding=\"async\" width=\"670\" height=\"457\" src=\"http:\/\/blogdorogeriogomes.com.br\/wp-content\/uploads\/2020\/07\/images-2-2.jpeg\" alt=\"\" data-id=\"17417\" data-full-url=\"http:\/\/blogdorogeriogomes.com.br\/wp-content\/uploads\/2020\/07\/images-2-2.jpeg\" data-link=\"http:\/\/blogdorogeriogomes.com.br\/?attachment_id=17417\" class=\"wp-image-17417\" srcset=\"https:\/\/blogdorogeriogomes.com.br\/noticias\/wp-content\/uploads\/2020\/07\/images-2-2.jpeg 670w, https:\/\/blogdorogeriogomes.com.br\/noticias\/wp-content\/uploads\/2020\/07\/images-2-2-300x205.jpeg 300w\" sizes=\"auto, (max-width: 670px) 100vw, 670px\" \/><\/figure><\/li><\/ul><\/figure>\n\n\n\n<p><\/p>\n\n\n\n<p><\/p>\n","protected":false},"excerpt":{"rendered":"<p>O governador Camilo Santana e o prefeito de Fortaleza, Roberto Cl\u00e1udio, anunciaram no in\u00edcio da tarde deste s\u00e1bado, dia 4 de julho, a renova\u00e7\u00e3o do decreto governamental que determina regras de isolamento social, a partir de segunda-feira, dia 6. Fortaleza migra para a Fase 3 do plano de retomada das atividades econ\u00f4micas, mas sem a abertura de restaurantes \u00e0 noite e nem com o funcionamento das barracas de praia, como estava sendo esperado pelos empres\u00e1rios do setor. Espa\u00e7os p\u00fablicos&hellip;<\/p>\n","protected":false},"author":1,"featured_media":17417,"comment_status":"open","ping_status":"open","sticky":false,"template":"","format":"standard","meta":{"footnotes":""},"categories":[1],"tags":[],"class_list":["post-17416","post","type-post","status-publish","format-standard","has-post-thumbnail","hentry","category-noticias"],"_links":{"self":[{"href":"https:\/\/blogdorogeriogomes.com.br\/noticias\/wp-json\/wp\/v2\/posts\/17416","targetHints":{"allow":["GET"]}}],"collection":[{"href":"https:\/\/blogdorogeriogomes.com.br\/noticias\/wp-json\/wp\/v2\/posts"}],"about":[{"href":"https:\/\/blogdorogeriogomes.com.br\/noticias\/wp-json\/wp\/v2\/types\/post"}],"author":[{"embeddable":true,"href":"https:\/\/blogdorogeriogomes.com.br\/noticias\/wp-json\/wp\/v2\/users\/1"}],"replies":[{"embeddable":true,"href":"https:\/\/blogdorogeriogomes.com.br\/noticias\/wp-json\/wp\/v2\/comments?post=17416"}],"version-history":[{"count":1,"href":"https:\/\/blogdorogeriogomes.com.br\/noticias\/wp-json\/wp\/v2\/posts\/17416\/revisions"}],"predecessor-version":[{"id":17418,"href":"https:\/\/blogdorogeriogomes.com.br\/noticias\/wp-json\/wp\/v2\/posts\/17416\/revisions\/17418"}],"wp:featuredmedia":[{"embeddable":true,"href":"https:\/\/blogdorogeriogomes.com.br\/noticias\/wp-json\/wp\/v2\/media\/17417"}],"wp:attachment":[{"href":"https:\/\/blogdorogeriogomes.com.br\/noticias\/wp-json\/wp\/v2\/media?parent=17416"}],"wp:term":[{"taxonomy":"category","embeddable":true,"href":"https:\/\/blogdorogeriogomes.com.br\/noticias\/wp-json\/wp\/v2\/categories?post=17416"},{"taxonomy":"post_tag","embeddable":true,"href":"https:\/\/blogdorogeriogomes.com.br\/noticias\/wp-json\/wp\/v2\/tags?post=17416"}],"curies":[{"name":"wp","href":"https:\/\/api.w.org\/{rel}","templated":true}]}}