{"id":17424,"date":"2020-07-06T09:18:27","date_gmt":"2020-07-06T09:18:27","guid":{"rendered":"http:\/\/blogdorogeriogomes.com.br\/?p=17424"},"modified":"2020-07-06T10:13:37","modified_gmt":"2020-07-06T10:13:37","slug":"pt-de-fortaleza-se-movimenta-por-candidatura-propria-na-capital-com-luizianne-lins-camilo-ainda-defende-alianca-com-o-pdt","status":"publish","type":"post","link":"https:\/\/blogdorogeriogomes.com.br\/noticias\/2020\/07\/pt-de-fortaleza-se-movimenta-por-candidatura-propria-na-capital-com-luizianne-lins-camilo-ainda-defende-alianca-com-o-pdt\/","title":{"rendered":"PT de Fortaleza se movimenta por candidatura pr\u00f3pria na Capital com Luizianne Lins. Camilo ainda defende alian\u00e7a com o PDT"},"content":{"rendered":"\n<p>O PT de Fortaleza fez importante movimento neste domingo, dia 5 de julho, em encontro virtual que apontou a deputada federal Luizianne Lins como pr\u00e9 candidata \u00e0 Prefeitura de Fortaleza. O governador do Cear\u00e1, Camilo Santana, vem defendendo uma alian\u00e7a com o PDT do prefeito Roberto Cl\u00e1udio, de quem \u00e9 aliado. As conversas continuam, mas o posicionamento tomado pelo partido deixa o acordo ainda mais dif\u00edcil. Luizianne aponta dificuldades na alian\u00e7a com o PDT por causa das constantes cr\u00edticas disparadas pelo ex-ministro Ciro Gomes ao partido. &#8220;Existe de fato muita queixa e dificuldade do PT nacional de todas as grosserias e ataques que o Ciro vem fazendo ao Lula, n\u00e3o perde a oportunidade de dar sempre um showzinho na imprensa\u201d, disse Luizianne.<\/p>\n\n\n\n<p>Camilo avalia que o PT deve se unir com o PDT em uma frente anti bolsonarista em Fortaleza que ser\u00e1 representada, certamente, pela candidatura do Capit\u00e3o Wagner Souza, do PROS. O governador cearense avalia que o ex-secretario de Rela\u00e7\u00f5es Institucionais, Nelson Martins (PT), pode ser um dos nomes para integrar a chapa.<\/p>\n\n\n\n<p>Durante o fim de semana, o PT tamb\u00e9m definiu a pr\u00e9 candidatura do deputado estadual Elmano de Freitas para concorrer \u00e0 Prefeitura de Caucaia, na Regi\u00e3o Metropolitana de Fortaleza. L\u00e1, o prefeito Naumi Amorim dever\u00e1 ser candidato \u00e0 reelei\u00e7\u00e3o. Na oposi\u00e7\u00e3o, tamb\u00e9m dever\u00e3o ser candidatos o deputado estadual Vitor Valim (PROS), Em\u00edlia Pessoa e Z\u00e9 Gerardo.<\/p>\n\n\n\n<figure class=\"wp-block-gallery columns-1 is-cropped wp-block-gallery-1 is-layout-flex wp-block-gallery-is-layout-flex\"><ul class=\"blocks-gallery-grid\"><li class=\"blocks-gallery-item\"><figure><img loading=\"lazy\" decoding=\"async\" width=\"1024\" height=\"615\" src=\"http:\/\/blogdorogeriogomes.com.br\/wp-content\/uploads\/2020\/07\/xelmanodefreitas.jpg.pagespeed.ic_.QSYr8LkYzB-1024x615.jpg\" alt=\"\" data-id=\"17425\" data-full-url=\"http:\/\/blogdorogeriogomes.com.br\/wp-content\/uploads\/2020\/07\/xelmanodefreitas.jpg.pagespeed.ic_.QSYr8LkYzB.jpg\" data-link=\"http:\/\/blogdorogeriogomes.com.br\/?attachment_id=17425\" class=\"wp-image-17425\" srcset=\"https:\/\/blogdorogeriogomes.com.br\/noticias\/wp-content\/uploads\/2020\/07\/xelmanodefreitas.jpg.pagespeed.ic_.QSYr8LkYzB-1024x615.jpg 1024w, https:\/\/blogdorogeriogomes.com.br\/noticias\/wp-content\/uploads\/2020\/07\/xelmanodefreitas.jpg.pagespeed.ic_.QSYr8LkYzB-300x180.jpg 300w, https:\/\/blogdorogeriogomes.com.br\/noticias\/wp-content\/uploads\/2020\/07\/xelmanodefreitas.jpg.pagespeed.ic_.QSYr8LkYzB-768x461.jpg 768w, https:\/\/blogdorogeriogomes.com.br\/noticias\/wp-content\/uploads\/2020\/07\/xelmanodefreitas.jpg.pagespeed.ic_.QSYr8LkYzB-800x480.jpg 800w, https:\/\/blogdorogeriogomes.com.br\/noticias\/wp-content\/uploads\/2020\/07\/xelmanodefreitas.jpg.pagespeed.ic_.QSYr8LkYzB.jpg 1086w\" sizes=\"auto, (max-width: 1024px) 100vw, 1024px\" \/><\/figure><\/li><\/ul><\/figure>\n","protected":false},"excerpt":{"rendered":"<p>O PT de Fortaleza fez importante movimento neste domingo, dia 5 de julho, em encontro virtual que apontou a deputada federal Luizianne Lins como pr\u00e9 candidata \u00e0 Prefeitura de Fortaleza. O governador do Cear\u00e1, Camilo Santana, vem defendendo uma alian\u00e7a com o PDT do prefeito Roberto Cl\u00e1udio, de quem \u00e9 aliado. As conversas continuam, mas o posicionamento tomado pelo partido deixa o acordo ainda mais dif\u00edcil. Luizianne aponta dificuldades na alian\u00e7a com o PDT por causa das constantes cr\u00edticas&hellip;<\/p>\n","protected":false},"author":1,"featured_media":17425,"comment_status":"open","ping_status":"open","sticky":false,"template":"","format":"standard","meta":{"footnotes":""},"categories":[1],"tags":[],"class_list":["post-17424","post","type-post","status-publish","format-standard","has-post-thumbnail","hentry","category-noticias"],"_links":{"self":[{"href":"https:\/\/blogdorogeriogomes.com.br\/noticias\/wp-json\/wp\/v2\/posts\/17424","targetHints":{"allow":["GET"]}}],"collection":[{"href":"https:\/\/blogdorogeriogomes.com.br\/noticias\/wp-json\/wp\/v2\/posts"}],"about":[{"href":"https:\/\/blogdorogeriogomes.com.br\/noticias\/wp-json\/wp\/v2\/types\/post"}],"author":[{"embeddable":true,"href":"https:\/\/blogdorogeriogomes.com.br\/noticias\/wp-json\/wp\/v2\/users\/1"}],"replies":[{"embeddable":true,"href":"https:\/\/blogdorogeriogomes.com.br\/noticias\/wp-json\/wp\/v2\/comments?post=17424"}],"version-history":[{"count":1,"href":"https:\/\/blogdorogeriogomes.com.br\/noticias\/wp-json\/wp\/v2\/posts\/17424\/revisions"}],"predecessor-version":[{"id":17426,"href":"https:\/\/blogdorogeriogomes.com.br\/noticias\/wp-json\/wp\/v2\/posts\/17424\/revisions\/17426"}],"wp:featuredmedia":[{"embeddable":true,"href":"https:\/\/blogdorogeriogomes.com.br\/noticias\/wp-json\/wp\/v2\/media\/17425"}],"wp:attachment":[{"href":"https:\/\/blogdorogeriogomes.com.br\/noticias\/wp-json\/wp\/v2\/media?parent=17424"}],"wp:term":[{"taxonomy":"category","embeddable":true,"href":"https:\/\/blogdorogeriogomes.com.br\/noticias\/wp-json\/wp\/v2\/categories?post=17424"},{"taxonomy":"post_tag","embeddable":true,"href":"https:\/\/blogdorogeriogomes.com.br\/noticias\/wp-json\/wp\/v2\/tags?post=17424"}],"curies":[{"name":"wp","href":"https:\/\/api.w.org\/{rel}","templated":true}]}}