{"id":17436,"date":"2020-07-06T21:03:32","date_gmt":"2020-07-06T21:03:32","guid":{"rendered":"http:\/\/blogdorogeriogomes.com.br\/?p=17436"},"modified":"2020-07-07T13:51:19","modified_gmt":"2020-07-07T13:51:19","slug":"cdl-de-fortaleza-recebe-senador-cid-gomes-para-debater-demandas-do-setor-logista","status":"publish","type":"post","link":"https:\/\/blogdorogeriogomes.com.br\/noticias\/2020\/07\/cdl-de-fortaleza-recebe-senador-cid-gomes-para-debater-demandas-do-setor-logista\/","title":{"rendered":"CDL de Fortaleza recebe senador Cid Gomes para debater demandas do setor logista"},"content":{"rendered":"\n<p>O presidente da CDL de Fortaleza, Assis Cavalcante (foto), e a diretoria da entidade realizam nesta ter\u00e7a-feira, dia 7 de julho, \u00e0s 15 horas, mais uma reuni\u00e3o virtual para debater assuntos relacionados ao varejo. O convidado desta vez \u00e9 o senador Cid Gomes (PDT) que tratar\u00e1 de quatro temas: o cr\u00e9dito banc\u00e1rio para as micro, pequenas e m\u00e9dias empresas; a carteira de trabalho Verde e Amarela; a reforma tribut\u00e1ria; e o sistema pol\u00edtico brasileiro. De acordo com a CDL, todos esses pontos s\u00e3o necess\u00e1rios para a retomada da economia p\u00f3s Covid-19.<\/p>\n\n\n\n<figure class=\"wp-block-gallery columns-1 is-cropped wp-block-gallery-1 is-layout-flex wp-block-gallery-is-layout-flex\"><ul class=\"blocks-gallery-grid\"><li class=\"blocks-gallery-item\"><figure><img loading=\"lazy\" decoding=\"async\" width=\"678\" height=\"452\" src=\"http:\/\/blogdorogeriogomes.com.br\/wp-content\/uploads\/2020\/07\/images-6-1.jpeg\" alt=\"\" data-id=\"17437\" data-full-url=\"http:\/\/blogdorogeriogomes.com.br\/wp-content\/uploads\/2020\/07\/images-6-1.jpeg\" data-link=\"http:\/\/blogdorogeriogomes.com.br\/?attachment_id=17437\" class=\"wp-image-17437\" srcset=\"https:\/\/blogdorogeriogomes.com.br\/noticias\/wp-content\/uploads\/2020\/07\/images-6-1.jpeg 678w, https:\/\/blogdorogeriogomes.com.br\/noticias\/wp-content\/uploads\/2020\/07\/images-6-1-300x200.jpeg 300w\" sizes=\"auto, (max-width: 678px) 100vw, 678px\" \/><\/figure><\/li><\/ul><\/figure>\n","protected":false},"excerpt":{"rendered":"<p>O presidente da CDL de Fortaleza, Assis Cavalcante (foto), e a diretoria da entidade realizam nesta ter\u00e7a-feira, dia 7 de julho, \u00e0s 15 horas, mais uma reuni\u00e3o virtual para debater assuntos relacionados ao varejo. O convidado desta vez \u00e9 o senador Cid Gomes (PDT) que tratar\u00e1 de quatro temas: o cr\u00e9dito banc\u00e1rio para as micro, pequenas e m\u00e9dias empresas; a carteira de trabalho Verde e Amarela; a reforma tribut\u00e1ria; e o sistema pol\u00edtico brasileiro. De acordo com a CDL,&hellip;<\/p>\n","protected":false},"author":1,"featured_media":17437,"comment_status":"open","ping_status":"open","sticky":false,"template":"","format":"standard","meta":{"footnotes":""},"categories":[1],"tags":[],"class_list":["post-17436","post","type-post","status-publish","format-standard","has-post-thumbnail","hentry","category-noticias"],"_links":{"self":[{"href":"https:\/\/blogdorogeriogomes.com.br\/noticias\/wp-json\/wp\/v2\/posts\/17436","targetHints":{"allow":["GET"]}}],"collection":[{"href":"https:\/\/blogdorogeriogomes.com.br\/noticias\/wp-json\/wp\/v2\/posts"}],"about":[{"href":"https:\/\/blogdorogeriogomes.com.br\/noticias\/wp-json\/wp\/v2\/types\/post"}],"author":[{"embeddable":true,"href":"https:\/\/blogdorogeriogomes.com.br\/noticias\/wp-json\/wp\/v2\/users\/1"}],"replies":[{"embeddable":true,"href":"https:\/\/blogdorogeriogomes.com.br\/noticias\/wp-json\/wp\/v2\/comments?post=17436"}],"version-history":[{"count":1,"href":"https:\/\/blogdorogeriogomes.com.br\/noticias\/wp-json\/wp\/v2\/posts\/17436\/revisions"}],"predecessor-version":[{"id":17438,"href":"https:\/\/blogdorogeriogomes.com.br\/noticias\/wp-json\/wp\/v2\/posts\/17436\/revisions\/17438"}],"wp:featuredmedia":[{"embeddable":true,"href":"https:\/\/blogdorogeriogomes.com.br\/noticias\/wp-json\/wp\/v2\/media\/17437"}],"wp:attachment":[{"href":"https:\/\/blogdorogeriogomes.com.br\/noticias\/wp-json\/wp\/v2\/media?parent=17436"}],"wp:term":[{"taxonomy":"category","embeddable":true,"href":"https:\/\/blogdorogeriogomes.com.br\/noticias\/wp-json\/wp\/v2\/categories?post=17436"},{"taxonomy":"post_tag","embeddable":true,"href":"https:\/\/blogdorogeriogomes.com.br\/noticias\/wp-json\/wp\/v2\/tags?post=17436"}],"curies":[{"name":"wp","href":"https:\/\/api.w.org\/{rel}","templated":true}]}}