{"id":17439,"date":"2020-07-06T23:58:30","date_gmt":"2020-07-06T23:58:30","guid":{"rendered":"http:\/\/blogdorogeriogomes.com.br\/?p=17439"},"modified":"2020-07-07T13:51:12","modified_gmt":"2020-07-07T13:51:12","slug":"bolsonaro-amplia-veto-ao-uso-de-mascaras-e-passa-a-apresentar-sintomas-do-coronavirus","status":"publish","type":"post","link":"https:\/\/blogdorogeriogomes.com.br\/noticias\/2020\/07\/bolsonaro-amplia-veto-ao-uso-de-mascaras-e-passa-a-apresentar-sintomas-do-coronavirus\/","title":{"rendered":"Bolsonaro amplia veto ao uso de m\u00e1scaras e passa a apresentar sintomas do coronav\u00edrus"},"content":{"rendered":"\n<p>Parece uma coincid\u00eancia. Depois de ampliar o veto ao projeto aprovado no Congresso Nacional que obriga o uso de m\u00e1scaras em todo o Pa\u00eds, o presidente Jair Bolsonaro passou a apresentar sintomas da Covid-19. Ele teve febre, fez um raio-X do pulm\u00e3o, exame para o coronav\u00edrus e cancelou a agenda da semana. <\/p>\n\n\n\n<p>Ainda nesta segunda-feira, dia 6 de julho, Bolsonaro vetou outros dois artigos da lei sobre o uso de m\u00e1scaras em lugares p\u00fablicos para enfrentar a pandemia do novo coronav\u00edrus, que j\u00e1 n\u00e3o \u00e9 mais obrigat\u00f3ria nas pris\u00f5es superlotadas do Pa\u00eds.&nbsp;O chefe de Estado tamb\u00e9m retirou a obriga\u00e7\u00e3o de as empresas exibirem informa\u00e7\u00f5es sobre o uso correto da m\u00e1scara. Bolsonaro j\u00e1 tinha retirado do texto artigos que exigiam o uso de m\u00e1scaras em lojas, f\u00e1bricas e igrejas.<\/p>\n\n\n\n<p>O veto presidencial pode ser derrubado pelo pr\u00f3prio Congresso Nacional. Poder\u00e1 tamb\u00e9m ser tornado nulo se o Supremo Tribunal Federal (STF) acatar o pedido feito  pelo PDT para manter a obrigatoriedade das m\u00e1scaras, como forma de preven\u00e7\u00e3o ao coronav\u00edrus.<\/p>\n\n\n\n<p>Nos estados onde governadores imp\u00f5em a obriga\u00e7\u00e3o do uso das m\u00e1scaras em locais p\u00fablicos, o decreto governamental continua v\u00e1lido e se sobrep\u00f5e ao veto feito por Jair Bolsonaro. Quem assegura o poder de manter as regras de isolamento social \u00e9 o pr\u00f3prio STF. No Cear\u00e1, por exemplo, a m\u00e1scara \u00e9 obrigat\u00f3ria e quem desobedece a medida, pode ser abordado pelos agentes p\u00fablicos e pela Pol\u00edcia.<\/p>\n\n\n\n<figure class=\"wp-block-gallery columns-1 is-cropped wp-block-gallery-1 is-layout-flex wp-block-gallery-is-layout-flex\"><ul class=\"blocks-gallery-grid\"><li class=\"blocks-gallery-item\"><figure><img loading=\"lazy\" decoding=\"async\" width=\"640\" height=\"480\" src=\"http:\/\/blogdorogeriogomes.com.br\/wp-content\/uploads\/2020\/07\/images-7-1.jpeg\" alt=\"\" data-id=\"17440\" data-full-url=\"http:\/\/blogdorogeriogomes.com.br\/wp-content\/uploads\/2020\/07\/images-7-1.jpeg\" data-link=\"http:\/\/blogdorogeriogomes.com.br\/?attachment_id=17440\" class=\"wp-image-17440\" srcset=\"https:\/\/blogdorogeriogomes.com.br\/noticias\/wp-content\/uploads\/2020\/07\/images-7-1.jpeg 640w, https:\/\/blogdorogeriogomes.com.br\/noticias\/wp-content\/uploads\/2020\/07\/images-7-1-300x225.jpeg 300w, https:\/\/blogdorogeriogomes.com.br\/noticias\/wp-content\/uploads\/2020\/07\/images-7-1-400x300.jpeg 400w\" sizes=\"auto, (max-width: 640px) 100vw, 640px\" \/><\/figure><\/li><\/ul><\/figure>\n","protected":false},"excerpt":{"rendered":"<p>Parece uma coincid\u00eancia. Depois de ampliar o veto ao projeto aprovado no Congresso Nacional que obriga o uso de m\u00e1scaras em todo o Pa\u00eds, o presidente Jair Bolsonaro passou a apresentar sintomas da Covid-19. Ele teve febre, fez um raio-X do pulm\u00e3o, exame para o coronav\u00edrus e cancelou a agenda da semana. Ainda nesta segunda-feira, dia 6 de julho, Bolsonaro vetou outros dois artigos da lei sobre o uso de m\u00e1scaras em lugares p\u00fablicos para enfrentar a pandemia do&hellip;<\/p>\n","protected":false},"author":1,"featured_media":17440,"comment_status":"open","ping_status":"open","sticky":false,"template":"","format":"standard","meta":{"footnotes":""},"categories":[1],"tags":[],"class_list":["post-17439","post","type-post","status-publish","format-standard","has-post-thumbnail","hentry","category-noticias"],"_links":{"self":[{"href":"https:\/\/blogdorogeriogomes.com.br\/noticias\/wp-json\/wp\/v2\/posts\/17439","targetHints":{"allow":["GET"]}}],"collection":[{"href":"https:\/\/blogdorogeriogomes.com.br\/noticias\/wp-json\/wp\/v2\/posts"}],"about":[{"href":"https:\/\/blogdorogeriogomes.com.br\/noticias\/wp-json\/wp\/v2\/types\/post"}],"author":[{"embeddable":true,"href":"https:\/\/blogdorogeriogomes.com.br\/noticias\/wp-json\/wp\/v2\/users\/1"}],"replies":[{"embeddable":true,"href":"https:\/\/blogdorogeriogomes.com.br\/noticias\/wp-json\/wp\/v2\/comments?post=17439"}],"version-history":[{"count":2,"href":"https:\/\/blogdorogeriogomes.com.br\/noticias\/wp-json\/wp\/v2\/posts\/17439\/revisions"}],"predecessor-version":[{"id":17450,"href":"https:\/\/blogdorogeriogomes.com.br\/noticias\/wp-json\/wp\/v2\/posts\/17439\/revisions\/17450"}],"wp:featuredmedia":[{"embeddable":true,"href":"https:\/\/blogdorogeriogomes.com.br\/noticias\/wp-json\/wp\/v2\/media\/17440"}],"wp:attachment":[{"href":"https:\/\/blogdorogeriogomes.com.br\/noticias\/wp-json\/wp\/v2\/media?parent=17439"}],"wp:term":[{"taxonomy":"category","embeddable":true,"href":"https:\/\/blogdorogeriogomes.com.br\/noticias\/wp-json\/wp\/v2\/categories?post=17439"},{"taxonomy":"post_tag","embeddable":true,"href":"https:\/\/blogdorogeriogomes.com.br\/noticias\/wp-json\/wp\/v2\/tags?post=17439"}],"curies":[{"name":"wp","href":"https:\/\/api.w.org\/{rel}","templated":true}]}}