{"id":17442,"date":"2020-07-07T09:18:59","date_gmt":"2020-07-07T09:18:59","guid":{"rendered":"http:\/\/blogdorogeriogomes.com.br\/?p=17442"},"modified":"2020-07-07T13:51:04","modified_gmt":"2020-07-07T13:51:04","slug":"mpf-pede-o-afastamento-do-ministro-ricardo-salles-do-comando-do-meio-ambiente","status":"publish","type":"post","link":"https:\/\/blogdorogeriogomes.com.br\/noticias\/2020\/07\/mpf-pede-o-afastamento-do-ministro-ricardo-salles-do-comando-do-meio-ambiente\/","title":{"rendered":"MPF pede o afastamento do ministro Ricardo Salles do comando do Meio Ambiente"},"content":{"rendered":"\n<p>Diante da m\u00e1 condu\u00e7\u00e3o de uma pol\u00edtica ambiental para o Pa\u00eds e com o afastamento de investidores estrangeiros por causa do aumento do desmatamento da Amaz\u00f4nia, sem nenhuma a\u00e7\u00e3o efetiva da Uni\u00e3o, o Minist\u00e9rio P\u00fablico Federal apresentou a\u00e7\u00e3o de improbidade administrativa contra o ministro do Meio Ambiente, Ricardo Salles, por &#8220;desestrutura\u00e7\u00e3o dolosa&#8221; e &#8220;esvaziamento&#8221; de pol\u00edticas ambientais &#8216;para favorecer interesses que n\u00e3o t\u00eam qualquer rela\u00e7\u00e3o com a finalidade da pasta&#8217;.<\/p>\n\n\n\n<p>No despacho, a Procuradoria pede \u00e0 Justi\u00e7a que conceda liminar para afastar o ministro Ricardo Salles do cargo.&nbsp;De acordo com&nbsp;12 procuradores que assinam a a\u00e7\u00e3o, Salles teria atuado em s\u00e9rie de atos, omiss\u00f5es e discursos que caracterizariam conduta intencional &#8220;com o objetivo de fragilizar a atua\u00e7\u00e3o estatal na prote\u00e7\u00e3o do meio ambiente&#8221;.<\/p>\n\n\n\n<p>Os procuradores alegam que sob a gest\u00e3o de Salles, o Brasil registrou &#8220;as maiores altas do desmatamento e o menor n\u00famero de multas por crimes ambientais em 20 anos&#8221;. O MPF diz que o ministro tamb\u00e9m reduziu em 25% o or\u00e7amento da pasta e paralisou o Fundo Amaz\u00f4nia, que deixou de receber investimentos estrangeiros.<\/p>\n\n\n\n<figure class=\"wp-block-gallery columns-1 is-cropped wp-block-gallery-1 is-layout-flex wp-block-gallery-is-layout-flex\"><ul class=\"blocks-gallery-grid\"><li class=\"blocks-gallery-item\"><figure><img loading=\"lazy\" decoding=\"async\" width=\"678\" height=\"452\" src=\"http:\/\/blogdorogeriogomes.com.br\/wp-content\/uploads\/2020\/07\/images-8.jpeg\" alt=\"\" data-id=\"17443\" data-full-url=\"http:\/\/blogdorogeriogomes.com.br\/wp-content\/uploads\/2020\/07\/images-8.jpeg\" data-link=\"http:\/\/blogdorogeriogomes.com.br\/?attachment_id=17443\" class=\"wp-image-17443\" srcset=\"https:\/\/blogdorogeriogomes.com.br\/noticias\/wp-content\/uploads\/2020\/07\/images-8.jpeg 678w, https:\/\/blogdorogeriogomes.com.br\/noticias\/wp-content\/uploads\/2020\/07\/images-8-300x200.jpeg 300w\" sizes=\"auto, (max-width: 678px) 100vw, 678px\" \/><\/figure><\/li><\/ul><\/figure>\n","protected":false},"excerpt":{"rendered":"<p>Diante da m\u00e1 condu\u00e7\u00e3o de uma pol\u00edtica ambiental para o Pa\u00eds e com o afastamento de investidores estrangeiros por causa do aumento do desmatamento da Amaz\u00f4nia, sem nenhuma a\u00e7\u00e3o efetiva da Uni\u00e3o, o Minist\u00e9rio P\u00fablico Federal apresentou a\u00e7\u00e3o de improbidade administrativa contra o ministro do Meio Ambiente, Ricardo Salles, por &#8220;desestrutura\u00e7\u00e3o dolosa&#8221; e &#8220;esvaziamento&#8221; de pol\u00edticas ambientais &#8216;para favorecer interesses que n\u00e3o t\u00eam qualquer rela\u00e7\u00e3o com a finalidade da pasta&#8217;. No despacho, a Procuradoria pede \u00e0 Justi\u00e7a que conceda&hellip;<\/p>\n","protected":false},"author":1,"featured_media":17443,"comment_status":"open","ping_status":"open","sticky":false,"template":"","format":"standard","meta":{"footnotes":""},"categories":[1],"tags":[],"class_list":["post-17442","post","type-post","status-publish","format-standard","has-post-thumbnail","hentry","category-noticias"],"_links":{"self":[{"href":"https:\/\/blogdorogeriogomes.com.br\/noticias\/wp-json\/wp\/v2\/posts\/17442","targetHints":{"allow":["GET"]}}],"collection":[{"href":"https:\/\/blogdorogeriogomes.com.br\/noticias\/wp-json\/wp\/v2\/posts"}],"about":[{"href":"https:\/\/blogdorogeriogomes.com.br\/noticias\/wp-json\/wp\/v2\/types\/post"}],"author":[{"embeddable":true,"href":"https:\/\/blogdorogeriogomes.com.br\/noticias\/wp-json\/wp\/v2\/users\/1"}],"replies":[{"embeddable":true,"href":"https:\/\/blogdorogeriogomes.com.br\/noticias\/wp-json\/wp\/v2\/comments?post=17442"}],"version-history":[{"count":2,"href":"https:\/\/blogdorogeriogomes.com.br\/noticias\/wp-json\/wp\/v2\/posts\/17442\/revisions"}],"predecessor-version":[{"id":17449,"href":"https:\/\/blogdorogeriogomes.com.br\/noticias\/wp-json\/wp\/v2\/posts\/17442\/revisions\/17449"}],"wp:featuredmedia":[{"embeddable":true,"href":"https:\/\/blogdorogeriogomes.com.br\/noticias\/wp-json\/wp\/v2\/media\/17443"}],"wp:attachment":[{"href":"https:\/\/blogdorogeriogomes.com.br\/noticias\/wp-json\/wp\/v2\/media?parent=17442"}],"wp:term":[{"taxonomy":"category","embeddable":true,"href":"https:\/\/blogdorogeriogomes.com.br\/noticias\/wp-json\/wp\/v2\/categories?post=17442"},{"taxonomy":"post_tag","embeddable":true,"href":"https:\/\/blogdorogeriogomes.com.br\/noticias\/wp-json\/wp\/v2\/tags?post=17442"}],"curies":[{"name":"wp","href":"https:\/\/api.w.org\/{rel}","templated":true}]}}