{"id":17445,"date":"2020-07-07T09:58:37","date_gmt":"2020-07-07T09:58:37","guid":{"rendered":"http:\/\/blogdorogeriogomes.com.br\/?p=17445"},"modified":"2020-07-07T13:50:58","modified_gmt":"2020-07-07T13:50:58","slug":"esquenta-o-embate-entre-a-lava-jato-de-curitiba-e-o-procurador-geral-augusto-aras","status":"publish","type":"post","link":"https:\/\/blogdorogeriogomes.com.br\/noticias\/2020\/07\/esquenta-o-embate-entre-a-lava-jato-de-curitiba-e-o-procurador-geral-augusto-aras\/","title":{"rendered":"Esquenta o embate entre a Lava Jato de Curitiba e o procurador geral Augusto Aras"},"content":{"rendered":"\n<p>Esquenta a briga entre os membros da Opera\u00e7\u00e3o Lava Jato em Curitiba e o procurador geral da Rep\u00fablica, Augusto Aras. Agora, o chefe da Lava Jato na capital paranaense Deltan Dallagnol, que vem sendo acossado por diversas investiga\u00e7\u00f5es no Conselho Nacional do Minist\u00e9rio P\u00fablico, decidiu desafiar Aras. Deltan \u00e9 acusado de irregularidades na condu\u00e7\u00e3o de processos em parceria com o ent\u00e3o juiz federal S\u00e9rgio Moro, al\u00e9m de den\u00fancia de a\u00e7\u00f5es em parceria com o FBI sem autoriza\u00e7\u00e3o de autoridades brasileiras, contra os interesses de empresas nacionais.<\/p>\n\n\n\n<p>Em entrevista&nbsp;\u00e0 Folha de S. Paulo, Deltan Dallagnol afirmou que n\u00e3o ir\u00e1 compartilhar com Aras dados da Lava Jato. \u201cQuando as informa\u00e7\u00f5es s\u00e3o sigilosas, h\u00e1 regras para o acesso\u201d, disse Dallagnol. &#8220;O acesso pela PGR s\u00f3 \u00e9 leg\u00edtimo nos termos das leis e decis\u00f5es judiciais. Foi nesses termos que compartilhamos informa\u00e7\u00f5es e provas dezenas de vezes nos \u00faltimos anos com a PGR e v\u00e1rios \u00f3rg\u00e3os, mas nunca houve um pedido de acesso indiscriminado como agora&#8221;, acrescentou.<\/p>\n\n\n\n<p>Enquanto o embate entre os dois ganha novos contornos, a Opera\u00e7\u00e3o Lava Jato em Curitiba mostra sinais de esvaziamento. A for\u00e7a-tarefa vem perdendo apoio do comando da Procuradoria Geral da Rep\u00fablica, que questiona procedimentos fora da ordem do Direito Legal. Procuradores est\u00e3o pass\u00edveis de investiga\u00e7\u00e3o por irregularidades nos procedimentos, atrav\u00e9s do Conselho Nacional do Minist\u00e9rio P\u00fablico.<\/p>\n\n\n\n<figure class=\"wp-block-gallery columns-1 is-cropped wp-block-gallery-1 is-layout-flex wp-block-gallery-is-layout-flex\"><ul class=\"blocks-gallery-grid\"><li class=\"blocks-gallery-item\"><figure><img loading=\"lazy\" decoding=\"async\" width=\"715\" height=\"429\" src=\"http:\/\/blogdorogeriogomes.com.br\/wp-content\/uploads\/2020\/07\/images-1-2.jpeg\" alt=\"\" data-id=\"17446\" data-full-url=\"http:\/\/blogdorogeriogomes.com.br\/wp-content\/uploads\/2020\/07\/images-1-2.jpeg\" data-link=\"http:\/\/blogdorogeriogomes.com.br\/?attachment_id=17446\" class=\"wp-image-17446\" srcset=\"https:\/\/blogdorogeriogomes.com.br\/noticias\/wp-content\/uploads\/2020\/07\/images-1-2.jpeg 715w, https:\/\/blogdorogeriogomes.com.br\/noticias\/wp-content\/uploads\/2020\/07\/images-1-2-300x180.jpeg 300w\" sizes=\"auto, (max-width: 715px) 100vw, 715px\" \/><\/figure><\/li><\/ul><\/figure>\n\n\n\n<p><\/p>\n","protected":false},"excerpt":{"rendered":"<p>Esquenta a briga entre os membros da Opera\u00e7\u00e3o Lava Jato em Curitiba e o procurador geral da Rep\u00fablica, Augusto Aras. Agora, o chefe da Lava Jato na capital paranaense Deltan Dallagnol, que vem sendo acossado por diversas investiga\u00e7\u00f5es no Conselho Nacional do Minist\u00e9rio P\u00fablico, decidiu desafiar Aras. Deltan \u00e9 acusado de irregularidades na condu\u00e7\u00e3o de processos em parceria com o ent\u00e3o juiz federal S\u00e9rgio Moro, al\u00e9m de den\u00fancia de a\u00e7\u00f5es em parceria com o FBI sem autoriza\u00e7\u00e3o de autoridades&hellip;<\/p>\n","protected":false},"author":1,"featured_media":17446,"comment_status":"open","ping_status":"open","sticky":false,"template":"","format":"standard","meta":{"footnotes":""},"categories":[1],"tags":[],"class_list":["post-17445","post","type-post","status-publish","format-standard","has-post-thumbnail","hentry","category-noticias"],"_links":{"self":[{"href":"https:\/\/blogdorogeriogomes.com.br\/noticias\/wp-json\/wp\/v2\/posts\/17445","targetHints":{"allow":["GET"]}}],"collection":[{"href":"https:\/\/blogdorogeriogomes.com.br\/noticias\/wp-json\/wp\/v2\/posts"}],"about":[{"href":"https:\/\/blogdorogeriogomes.com.br\/noticias\/wp-json\/wp\/v2\/types\/post"}],"author":[{"embeddable":true,"href":"https:\/\/blogdorogeriogomes.com.br\/noticias\/wp-json\/wp\/v2\/users\/1"}],"replies":[{"embeddable":true,"href":"https:\/\/blogdorogeriogomes.com.br\/noticias\/wp-json\/wp\/v2\/comments?post=17445"}],"version-history":[{"count":2,"href":"https:\/\/blogdorogeriogomes.com.br\/noticias\/wp-json\/wp\/v2\/posts\/17445\/revisions"}],"predecessor-version":[{"id":17448,"href":"https:\/\/blogdorogeriogomes.com.br\/noticias\/wp-json\/wp\/v2\/posts\/17445\/revisions\/17448"}],"wp:featuredmedia":[{"embeddable":true,"href":"https:\/\/blogdorogeriogomes.com.br\/noticias\/wp-json\/wp\/v2\/media\/17446"}],"wp:attachment":[{"href":"https:\/\/blogdorogeriogomes.com.br\/noticias\/wp-json\/wp\/v2\/media?parent=17445"}],"wp:term":[{"taxonomy":"category","embeddable":true,"href":"https:\/\/blogdorogeriogomes.com.br\/noticias\/wp-json\/wp\/v2\/categories?post=17445"},{"taxonomy":"post_tag","embeddable":true,"href":"https:\/\/blogdorogeriogomes.com.br\/noticias\/wp-json\/wp\/v2\/tags?post=17445"}],"curies":[{"name":"wp","href":"https:\/\/api.w.org\/{rel}","templated":true}]}}