{"id":17455,"date":"2020-07-07T23:14:49","date_gmt":"2020-07-07T23:14:49","guid":{"rendered":"http:\/\/blogdorogeriogomes.com.br\/?p=17455"},"modified":"2020-07-08T13:03:30","modified_gmt":"2020-07-08T13:03:30","slug":"roberto-claudio-desmente-reducao-de-frota-e-diz-que-onibus-circulam-com-70-da-capacidade-operacional-em-fortaleza","status":"publish","type":"post","link":"https:\/\/blogdorogeriogomes.com.br\/noticias\/2020\/07\/roberto-claudio-desmente-reducao-de-frota-e-diz-que-onibus-circulam-com-70-da-capacidade-operacional-em-fortaleza\/","title":{"rendered":"Roberto Cl\u00e1udio desmente redu\u00e7\u00e3o de frota e diz que \u00f4nibus circulam com 70% da capacidade operacional em Fortaleza"},"content":{"rendered":"\n<p>O prefeito de Fortaleza, Roberto Cl\u00e1udio, desmentiu na noite desta ter\u00e7a-feira, dia 7 de julho, informa\u00e7\u00f5es falsas que circularam nas redes sociais de que a frota de \u00f4nibus em Fortaleza seria reduzida a partir do cancelamento de algumas linhas de \u00f4nibus na Capital. &#8220;N\u00e3o h\u00e1 nenhuma decis\u00e3o da Etufor ou da Secretaria de Conserva\u00e7\u00e3o dos Servi\u00e7os P\u00fablicos no sentido de cancelar qualquer linha de \u00f4nibus. Pelo contr\u00e1rio, a gente est\u00e1 fazendo um trabalho de consultoria e pesquisa de origem e destino que vai nos permitir examinar onde est\u00e3o as inefici\u00eancias do sistema de transporte p\u00fablico e perceber onde precisa de linha nova ou que tipo de trajeto precisa ser mudado&#8221;, refor\u00e7ou o gestor.<\/p>\n\n\n\n<p>Segundo o prefeito da Capital, a frota de \u00f4nibus est\u00e1 circulando com 70% da sua capacidade operacional, a fim de atender a cadeia produtiva de trabalhadores autorizada para atuar na Fase 3 do plano de retomada das atividades econ\u00f4micas no per\u00edodo da pandemia do coronav\u00edrus. &#8220;A gente tem hoje apenas 40% da demanda e temos 70% da oferta do que era registrado anteriormente \u00e0 pandemia. Ent\u00e3o \u00e9 preciso esclarecer que hoje n\u00f3s temos muito mais oferta do que demanda de transporte p\u00fablico em Fortaleza&#8221;, ressaltou Roberto Cl\u00e1udio.<\/p>\n\n\n\n<figure class=\"wp-block-gallery columns-1 is-cropped wp-block-gallery-1 is-layout-flex wp-block-gallery-is-layout-flex\"><ul class=\"blocks-gallery-grid\"><li class=\"blocks-gallery-item\"><figure><img loading=\"lazy\" decoding=\"async\" width=\"678\" height=\"452\" src=\"http:\/\/blogdorogeriogomes.com.br\/wp-content\/uploads\/2020\/07\/images-3-1.jpeg\" alt=\"\" data-id=\"17456\" data-full-url=\"http:\/\/blogdorogeriogomes.com.br\/wp-content\/uploads\/2020\/07\/images-3-1.jpeg\" data-link=\"http:\/\/blogdorogeriogomes.com.br\/?attachment_id=17456\" class=\"wp-image-17456\" srcset=\"https:\/\/blogdorogeriogomes.com.br\/noticias\/wp-content\/uploads\/2020\/07\/images-3-1.jpeg 678w, https:\/\/blogdorogeriogomes.com.br\/noticias\/wp-content\/uploads\/2020\/07\/images-3-1-300x200.jpeg 300w\" sizes=\"auto, (max-width: 678px) 100vw, 678px\" \/><\/figure><\/li><\/ul><\/figure>\n","protected":false},"excerpt":{"rendered":"<p>O prefeito de Fortaleza, Roberto Cl\u00e1udio, desmentiu na noite desta ter\u00e7a-feira, dia 7 de julho, informa\u00e7\u00f5es falsas que circularam nas redes sociais de que a frota de \u00f4nibus em Fortaleza seria reduzida a partir do cancelamento de algumas linhas de \u00f4nibus na Capital. &#8220;N\u00e3o h\u00e1 nenhuma decis\u00e3o da Etufor ou da Secretaria de Conserva\u00e7\u00e3o dos Servi\u00e7os P\u00fablicos no sentido de cancelar qualquer linha de \u00f4nibus. Pelo contr\u00e1rio, a gente est\u00e1 fazendo um trabalho de consultoria e pesquisa de origem&hellip;<\/p>\n","protected":false},"author":1,"featured_media":17456,"comment_status":"open","ping_status":"open","sticky":false,"template":"","format":"standard","meta":{"footnotes":""},"categories":[1],"tags":[],"class_list":["post-17455","post","type-post","status-publish","format-standard","has-post-thumbnail","hentry","category-noticias"],"_links":{"self":[{"href":"https:\/\/blogdorogeriogomes.com.br\/noticias\/wp-json\/wp\/v2\/posts\/17455","targetHints":{"allow":["GET"]}}],"collection":[{"href":"https:\/\/blogdorogeriogomes.com.br\/noticias\/wp-json\/wp\/v2\/posts"}],"about":[{"href":"https:\/\/blogdorogeriogomes.com.br\/noticias\/wp-json\/wp\/v2\/types\/post"}],"author":[{"embeddable":true,"href":"https:\/\/blogdorogeriogomes.com.br\/noticias\/wp-json\/wp\/v2\/users\/1"}],"replies":[{"embeddable":true,"href":"https:\/\/blogdorogeriogomes.com.br\/noticias\/wp-json\/wp\/v2\/comments?post=17455"}],"version-history":[{"count":2,"href":"https:\/\/blogdorogeriogomes.com.br\/noticias\/wp-json\/wp\/v2\/posts\/17455\/revisions"}],"predecessor-version":[{"id":17458,"href":"https:\/\/blogdorogeriogomes.com.br\/noticias\/wp-json\/wp\/v2\/posts\/17455\/revisions\/17458"}],"wp:featuredmedia":[{"embeddable":true,"href":"https:\/\/blogdorogeriogomes.com.br\/noticias\/wp-json\/wp\/v2\/media\/17456"}],"wp:attachment":[{"href":"https:\/\/blogdorogeriogomes.com.br\/noticias\/wp-json\/wp\/v2\/media?parent=17455"}],"wp:term":[{"taxonomy":"category","embeddable":true,"href":"https:\/\/blogdorogeriogomes.com.br\/noticias\/wp-json\/wp\/v2\/categories?post=17455"},{"taxonomy":"post_tag","embeddable":true,"href":"https:\/\/blogdorogeriogomes.com.br\/noticias\/wp-json\/wp\/v2\/tags?post=17455"}],"curies":[{"name":"wp","href":"https:\/\/api.w.org\/{rel}","templated":true}]}}