{"id":17459,"date":"2020-07-08T09:35:28","date_gmt":"2020-07-08T09:35:28","guid":{"rendered":"http:\/\/blogdorogeriogomes.com.br\/?p=17459"},"modified":"2020-07-08T13:03:08","modified_gmt":"2020-07-08T13:03:08","slug":"bolsonaro-testa-positivo-para-covid-19-mas-o-maior-problema-esta-mesmo-e-nas-mais-de-66-mil-mortes-ja-registradas-no-brasil","status":"publish","type":"post","link":"https:\/\/blogdorogeriogomes.com.br\/noticias\/2020\/07\/bolsonaro-testa-positivo-para-covid-19-mas-o-maior-problema-esta-mesmo-e-nas-mais-de-66-mil-mortes-ja-registradas-no-brasil\/","title":{"rendered":"Bolsonaro testa positivo para Covid-19, mas o maior problema est\u00e1 mesmo \u00e9 nas mais de 66 mil mortes j\u00e1 registradas no Brasil"},"content":{"rendered":"\n<p>Toda a pol\u00eamica sobre o fato do presidente Jair Bolsonaro ter atestado positivo para a Covid-19 deveria ficar em segundo plano. Apesar da postura irrespons\u00e1vel de circular sem m\u00e1scara, cumprimentando diariamente outras autoridades e a popula\u00e7\u00e3o em geral, o maior pecado do Presidente da Rep\u00fablica est\u00e1 nos n\u00fameros do coronav\u00edrus no Pa\u00eds que continuam em disparada. Segundo o Cons\u00f3rcio de Ve\u00edculos de Imprensa, j\u00e1 s\u00e3o 66.868 vidas perdidas pela doen\u00e7a desde o in\u00edcio da pandemia. 1.312 pessoas morreram no Brasil nas \u00faltimas 24 horas. O total de infectados chegou a 1.674.655 nesta ter\u00e7a-feira, dia 7 de julho.<\/p>\n\n\n\n<p>Enquanto isso, o Minist\u00e9rio da Sa\u00fade est\u00e1 h\u00e1 quase dois meses entregue a militares, com um ministro interino que n\u00e3o consegue implantar uma s\u00f3 pol\u00edtica de enfrentamento \u00e0 pandemia. O General Eduardo Pazuello est\u00e1 t\u00e3o perdido no cargo, que nem dar explica\u00e7\u00f5es na imprensa n\u00e3o faz mais. Afinal, n\u00e3o tem o que dizer diante da escalada da Covid-19 no Pa\u00eds. <\/p>\n\n\n\n<p>At\u00e9 o pr\u00f3prio or\u00e7amento de cerca de R$ 40 bilh\u00f5es de reais aprovado no Congresso Nacional para o enfrentamento da pandemia no Brasil, o Governo Federal n\u00e3o consegue executar. A estimativa \u00e9 que nem um ter\u00e7o do total tenha sido gasto por falta de planejamento.<\/p>\n\n\n\n<p>Para completar, em pleno auge da pandemia, Bolsonaro se dizendo contaminado, ainda aparece em uma entrevista coletiva com jornalistas, retira a m\u00e1scara de forma proposital na frente dos profissionais e vem recomendar o uso da cloroquina. Um medicamento j\u00e1 comprovadamente classificado pela Organiza\u00e7\u00e3o Mundial de Sa\u00fade (OMS) como sem efic\u00e1cia para combater o coronav\u00edrus.<\/p>\n\n\n\n<p>Ou seja, a postura do presidente Jair Bolsonaro continua mesma. Investir em desinforma\u00e7\u00e3o das pessoas e o que \u00e9 pior: mostrando total descaso com as mortes ocorridas e com as que ainda est\u00e3o por vir. Governadores e prefeitos, que est\u00e3o na ponta do enfrentamento da doen\u00e7a junto \u00e0 popula\u00e7\u00e3o, que continuem ditando as regras e tendo de colher os dissabores de ainda enfrentar os negacionistas da gravidade da pandemia.<\/p>\n\n\n\n<figure class=\"wp-block-gallery columns-1 is-cropped wp-block-gallery-1 is-layout-flex wp-block-gallery-is-layout-flex\"><ul class=\"blocks-gallery-grid\"><li class=\"blocks-gallery-item\"><figure><img loading=\"lazy\" decoding=\"async\" width=\"716\" height=\"428\" src=\"http:\/\/blogdorogeriogomes.com.br\/wp-content\/uploads\/2020\/07\/images-4-2.jpeg\" alt=\"\" data-id=\"17460\" data-full-url=\"http:\/\/blogdorogeriogomes.com.br\/wp-content\/uploads\/2020\/07\/images-4-2.jpeg\" data-link=\"http:\/\/blogdorogeriogomes.com.br\/?attachment_id=17460\" class=\"wp-image-17460\" srcset=\"https:\/\/blogdorogeriogomes.com.br\/noticias\/wp-content\/uploads\/2020\/07\/images-4-2.jpeg 716w, https:\/\/blogdorogeriogomes.com.br\/noticias\/wp-content\/uploads\/2020\/07\/images-4-2-300x179.jpeg 300w\" sizes=\"auto, (max-width: 716px) 100vw, 716px\" \/><\/figure><\/li><\/ul><\/figure>\n\n\n\n<p><\/p>\n","protected":false},"excerpt":{"rendered":"<p>Toda a pol\u00eamica sobre o fato do presidente Jair Bolsonaro ter atestado positivo para a Covid-19 deveria ficar em segundo plano. Apesar da postura irrespons\u00e1vel de circular sem m\u00e1scara, cumprimentando diariamente outras autoridades e a popula\u00e7\u00e3o em geral, o maior pecado do Presidente da Rep\u00fablica est\u00e1 nos n\u00fameros do coronav\u00edrus no Pa\u00eds que continuam em disparada. Segundo o Cons\u00f3rcio de Ve\u00edculos de Imprensa, j\u00e1 s\u00e3o 66.868 vidas perdidas pela doen\u00e7a desde o in\u00edcio da pandemia. 1.312 pessoas morreram no&hellip;<\/p>\n","protected":false},"author":1,"featured_media":17460,"comment_status":"open","ping_status":"open","sticky":false,"template":"","format":"standard","meta":{"footnotes":""},"categories":[1],"tags":[],"class_list":["post-17459","post","type-post","status-publish","format-standard","has-post-thumbnail","hentry","category-noticias"],"_links":{"self":[{"href":"https:\/\/blogdorogeriogomes.com.br\/noticias\/wp-json\/wp\/v2\/posts\/17459","targetHints":{"allow":["GET"]}}],"collection":[{"href":"https:\/\/blogdorogeriogomes.com.br\/noticias\/wp-json\/wp\/v2\/posts"}],"about":[{"href":"https:\/\/blogdorogeriogomes.com.br\/noticias\/wp-json\/wp\/v2\/types\/post"}],"author":[{"embeddable":true,"href":"https:\/\/blogdorogeriogomes.com.br\/noticias\/wp-json\/wp\/v2\/users\/1"}],"replies":[{"embeddable":true,"href":"https:\/\/blogdorogeriogomes.com.br\/noticias\/wp-json\/wp\/v2\/comments?post=17459"}],"version-history":[{"count":1,"href":"https:\/\/blogdorogeriogomes.com.br\/noticias\/wp-json\/wp\/v2\/posts\/17459\/revisions"}],"predecessor-version":[{"id":17461,"href":"https:\/\/blogdorogeriogomes.com.br\/noticias\/wp-json\/wp\/v2\/posts\/17459\/revisions\/17461"}],"wp:featuredmedia":[{"embeddable":true,"href":"https:\/\/blogdorogeriogomes.com.br\/noticias\/wp-json\/wp\/v2\/media\/17460"}],"wp:attachment":[{"href":"https:\/\/blogdorogeriogomes.com.br\/noticias\/wp-json\/wp\/v2\/media?parent=17459"}],"wp:term":[{"taxonomy":"category","embeddable":true,"href":"https:\/\/blogdorogeriogomes.com.br\/noticias\/wp-json\/wp\/v2\/categories?post=17459"},{"taxonomy":"post_tag","embeddable":true,"href":"https:\/\/blogdorogeriogomes.com.br\/noticias\/wp-json\/wp\/v2\/tags?post=17459"}],"curies":[{"name":"wp","href":"https:\/\/api.w.org\/{rel}","templated":true}]}}