{"id":17462,"date":"2020-07-08T09:56:36","date_gmt":"2020-07-08T09:56:36","guid":{"rendered":"http:\/\/blogdorogeriogomes.com.br\/?p=17462"},"modified":"2020-07-08T13:02:57","modified_gmt":"2020-07-08T13:02:57","slug":"ceara-e-fortaleza-podem-voltar-a-jogar-copa-do-nordeste-em-salvador-a-partir-de-21-de-julho","status":"publish","type":"post","link":"https:\/\/blogdorogeriogomes.com.br\/noticias\/2020\/07\/ceara-e-fortaleza-podem-voltar-a-jogar-copa-do-nordeste-em-salvador-a-partir-de-21-de-julho\/","title":{"rendered":"Cear\u00e1 e Fortaleza podem voltar a jogar Copa do Nordeste em Salvador a partir de 21 de julho"},"content":{"rendered":"\n<p>A organiza\u00e7\u00e3o da Copa do Nordeste 2020 decidiu levar os \u00faltimos jogos do torneio para Salvador, na Bahia. A Copa ser\u00e1 retomada dia 21 de julho e se estender\u00e1 at\u00e9 4 de agosto. Assim, as equipes do Cear\u00e1 e do Fortaleza ter\u00e3o de se deslocar para a Capital baiana neste per\u00edodo. Os est\u00e1dios do Barrad\u00e3o e Pitua\u00e7u devem ser utilizados. O Joia da Princesa, em Feira de Santana, tamb\u00e9m \u00e9 uma possibilidade. A Fonte Nova est\u00e1 recebendo um hospital de campanha para pacientes da Covid-19.<\/p>\n\n\n\n<p>A preocupa\u00e7\u00e3o dos dirigentes de Cear\u00e1 e Fortaleza, como tamb\u00e9m da Federa\u00e7\u00e3o Cearense de Futebol, \u00e9 com a conclus\u00e3o do Campeonato Estadual 2020. Faltam pelo menos duas semanas de jogos. Como o futebol cearense ainda n\u00e3o foi liberado no plano de retomada das atividades econ\u00f4micas pelo Governo do Estado, h\u00e1 fortes possibilidades de uma coincid\u00eancia de datas.<\/p>\n\n\n\n<p>A CBF prev\u00ea o retorno dos jogos do Campeonato Brasileiro &#8211; S\u00e9rie A para o in\u00edcio de agosto. O calend\u00e1rio est\u00e1 cada vez mais apertado. Dirigentes cobram do governador Camilo Santana o retorno dos jogos sem torcida e com protocolo r\u00edgido de seguran\u00e7a para as equipes, a partir da pr\u00f3xima semana, quando um novo decreto governamental ser\u00e1 editado.<\/p>\n\n\n\n<figure class=\"wp-block-gallery columns-0 is-cropped wp-block-gallery-1 is-layout-flex wp-block-gallery-is-layout-flex\"><ul class=\"blocks-gallery-grid\"><\/ul><\/figure>\n\n\n\n<figure class=\"wp-block-gallery columns-1 is-cropped wp-block-gallery-2 is-layout-flex wp-block-gallery-is-layout-flex\"><ul class=\"blocks-gallery-grid\"><li class=\"blocks-gallery-item\"><figure><img loading=\"lazy\" decoding=\"async\" width=\"679\" height=\"452\" src=\"http:\/\/blogdorogeriogomes.com.br\/wp-content\/uploads\/2020\/07\/images-5-2.jpeg\" alt=\"\" data-id=\"17463\" data-full-url=\"http:\/\/blogdorogeriogomes.com.br\/wp-content\/uploads\/2020\/07\/images-5-2.jpeg\" data-link=\"http:\/\/blogdorogeriogomes.com.br\/?attachment_id=17463\" class=\"wp-image-17463\" srcset=\"https:\/\/blogdorogeriogomes.com.br\/noticias\/wp-content\/uploads\/2020\/07\/images-5-2.jpeg 679w, https:\/\/blogdorogeriogomes.com.br\/noticias\/wp-content\/uploads\/2020\/07\/images-5-2-300x200.jpeg 300w\" sizes=\"auto, (max-width: 679px) 100vw, 679px\" \/><\/figure><\/li><\/ul><\/figure>\n\n\n\n<p><\/p>\n","protected":false},"excerpt":{"rendered":"<p>A organiza\u00e7\u00e3o da Copa do Nordeste 2020 decidiu levar os \u00faltimos jogos do torneio para Salvador, na Bahia. A Copa ser\u00e1 retomada dia 21 de julho e se estender\u00e1 at\u00e9 4 de agosto. Assim, as equipes do Cear\u00e1 e do Fortaleza ter\u00e3o de se deslocar para a Capital baiana neste per\u00edodo. Os est\u00e1dios do Barrad\u00e3o e Pitua\u00e7u devem ser utilizados. O Joia da Princesa, em Feira de Santana, tamb\u00e9m \u00e9 uma possibilidade. A Fonte Nova est\u00e1 recebendo um hospital&hellip;<\/p>\n","protected":false},"author":1,"featured_media":17463,"comment_status":"open","ping_status":"open","sticky":false,"template":"","format":"standard","meta":{"footnotes":""},"categories":[1],"tags":[],"class_list":["post-17462","post","type-post","status-publish","format-standard","has-post-thumbnail","hentry","category-noticias"],"_links":{"self":[{"href":"https:\/\/blogdorogeriogomes.com.br\/noticias\/wp-json\/wp\/v2\/posts\/17462","targetHints":{"allow":["GET"]}}],"collection":[{"href":"https:\/\/blogdorogeriogomes.com.br\/noticias\/wp-json\/wp\/v2\/posts"}],"about":[{"href":"https:\/\/blogdorogeriogomes.com.br\/noticias\/wp-json\/wp\/v2\/types\/post"}],"author":[{"embeddable":true,"href":"https:\/\/blogdorogeriogomes.com.br\/noticias\/wp-json\/wp\/v2\/users\/1"}],"replies":[{"embeddable":true,"href":"https:\/\/blogdorogeriogomes.com.br\/noticias\/wp-json\/wp\/v2\/comments?post=17462"}],"version-history":[{"count":1,"href":"https:\/\/blogdorogeriogomes.com.br\/noticias\/wp-json\/wp\/v2\/posts\/17462\/revisions"}],"predecessor-version":[{"id":17464,"href":"https:\/\/blogdorogeriogomes.com.br\/noticias\/wp-json\/wp\/v2\/posts\/17462\/revisions\/17464"}],"wp:featuredmedia":[{"embeddable":true,"href":"https:\/\/blogdorogeriogomes.com.br\/noticias\/wp-json\/wp\/v2\/media\/17463"}],"wp:attachment":[{"href":"https:\/\/blogdorogeriogomes.com.br\/noticias\/wp-json\/wp\/v2\/media?parent=17462"}],"wp:term":[{"taxonomy":"category","embeddable":true,"href":"https:\/\/blogdorogeriogomes.com.br\/noticias\/wp-json\/wp\/v2\/categories?post=17462"},{"taxonomy":"post_tag","embeddable":true,"href":"https:\/\/blogdorogeriogomes.com.br\/noticias\/wp-json\/wp\/v2\/tags?post=17462"}],"curies":[{"name":"wp","href":"https:\/\/api.w.org\/{rel}","templated":true}]}}