{"id":17467,"date":"2020-07-08T20:21:58","date_gmt":"2020-07-08T20:21:58","guid":{"rendered":"http:\/\/blogdorogeriogomes.com.br\/?p=17467"},"modified":"2020-07-09T17:15:05","modified_gmt":"2020-07-09T17:15:05","slug":"reforma-tributaria-no-congresso-so-devera-voltar-a-pauta-somente-em-2021","status":"publish","type":"post","link":"https:\/\/blogdorogeriogomes.com.br\/noticias\/2020\/07\/reforma-tributaria-no-congresso-so-devera-voltar-a-pauta-somente-em-2021\/","title":{"rendered":"Reforma Tribut\u00e1ria no Congresso s\u00f3 dever\u00e1 voltar \u00e0 pauta somente em 2021"},"content":{"rendered":"\n<p>Em meio \u00e0 crise provocada pela pandemia do novo coronav\u00edrus, a reforma tribut\u00e1ria t\u00e3o prometida pela equipe econ\u00f4mica do ministro Paulo Guedes n\u00e3o deve avan\u00e7ar este ano no Congresso Nacional. A proposta do Governo Federal ainda nem \u00e9 conhecida pelos parlamentares.<\/p>\n\n\n\n<p>Para o presidente da Comiss\u00e3o de Direito Tribut\u00e1rio da OAB-CE, Jefferson Viana, a reforma tribut\u00e1ria dever\u00e1&nbsp;voltar \u00e0 pauta somente em 2021.&nbsp; &#8220;Uma simplifica\u00e7\u00e3o do PIS\/Cofins antes da reforma seria concentrar esfor\u00e7o em um projeto que n\u00e3o traz o impacto necess\u00e1rio para o avan\u00e7o do sistema tribut\u00e1rio nacional&#8221;, aposta.<\/p>\n\n\n\n<p>Jefferson lembra que at\u00e9 o in\u00edcio do isolamento social, a reforma tribut\u00e1ria possu\u00eda v\u00e1rias vers\u00f5es. A enviada pela C\u00e2mara dos Deputados, pelo Senado e a do Governo. &#8220;At\u00e9 ent\u00e3o, havia v\u00e1rias reformas tribut\u00e1rias tramitando e muito provavelmente a que iria passar seria a enviada pelo Executivo, mas diante da situa\u00e7\u00e3o, elas pararam&#8221;, comenta.<\/p>\n\n\n\n<figure class=\"wp-block-gallery columns-1 is-cropped wp-block-gallery-1 is-layout-flex wp-block-gallery-is-layout-flex\"><ul class=\"blocks-gallery-grid\"><li class=\"blocks-gallery-item\"><figure><img loading=\"lazy\" decoding=\"async\" width=\"739\" height=\"415\" src=\"http:\/\/blogdorogeriogomes.com.br\/wp-content\/uploads\/2020\/07\/images-7-2.jpeg\" alt=\"\" data-id=\"17468\" data-full-url=\"http:\/\/blogdorogeriogomes.com.br\/wp-content\/uploads\/2020\/07\/images-7-2.jpeg\" data-link=\"http:\/\/blogdorogeriogomes.com.br\/?attachment_id=17468\" class=\"wp-image-17468\" srcset=\"https:\/\/blogdorogeriogomes.com.br\/noticias\/wp-content\/uploads\/2020\/07\/images-7-2.jpeg 739w, https:\/\/blogdorogeriogomes.com.br\/noticias\/wp-content\/uploads\/2020\/07\/images-7-2-300x168.jpeg 300w\" sizes=\"auto, (max-width: 739px) 100vw, 739px\" \/><\/figure><\/li><\/ul><\/figure>\n\n\n\n<p><\/p>\n","protected":false},"excerpt":{"rendered":"<p>Em meio \u00e0 crise provocada pela pandemia do novo coronav\u00edrus, a reforma tribut\u00e1ria t\u00e3o prometida pela equipe econ\u00f4mica do ministro Paulo Guedes n\u00e3o deve avan\u00e7ar este ano no Congresso Nacional. A proposta do Governo Federal ainda nem \u00e9 conhecida pelos parlamentares. Para o presidente da Comiss\u00e3o de Direito Tribut\u00e1rio da OAB-CE, Jefferson Viana, a reforma tribut\u00e1ria dever\u00e1&nbsp;voltar \u00e0 pauta somente em 2021.&nbsp; &#8220;Uma simplifica\u00e7\u00e3o do PIS\/Cofins antes da reforma seria concentrar esfor\u00e7o em um projeto que n\u00e3o traz o&hellip;<\/p>\n","protected":false},"author":1,"featured_media":17468,"comment_status":"open","ping_status":"open","sticky":false,"template":"","format":"standard","meta":{"footnotes":""},"categories":[1],"tags":[],"class_list":["post-17467","post","type-post","status-publish","format-standard","has-post-thumbnail","hentry","category-noticias"],"_links":{"self":[{"href":"https:\/\/blogdorogeriogomes.com.br\/noticias\/wp-json\/wp\/v2\/posts\/17467","targetHints":{"allow":["GET"]}}],"collection":[{"href":"https:\/\/blogdorogeriogomes.com.br\/noticias\/wp-json\/wp\/v2\/posts"}],"about":[{"href":"https:\/\/blogdorogeriogomes.com.br\/noticias\/wp-json\/wp\/v2\/types\/post"}],"author":[{"embeddable":true,"href":"https:\/\/blogdorogeriogomes.com.br\/noticias\/wp-json\/wp\/v2\/users\/1"}],"replies":[{"embeddable":true,"href":"https:\/\/blogdorogeriogomes.com.br\/noticias\/wp-json\/wp\/v2\/comments?post=17467"}],"version-history":[{"count":2,"href":"https:\/\/blogdorogeriogomes.com.br\/noticias\/wp-json\/wp\/v2\/posts\/17467\/revisions"}],"predecessor-version":[{"id":17484,"href":"https:\/\/blogdorogeriogomes.com.br\/noticias\/wp-json\/wp\/v2\/posts\/17467\/revisions\/17484"}],"wp:featuredmedia":[{"embeddable":true,"href":"https:\/\/blogdorogeriogomes.com.br\/noticias\/wp-json\/wp\/v2\/media\/17468"}],"wp:attachment":[{"href":"https:\/\/blogdorogeriogomes.com.br\/noticias\/wp-json\/wp\/v2\/media?parent=17467"}],"wp:term":[{"taxonomy":"category","embeddable":true,"href":"https:\/\/blogdorogeriogomes.com.br\/noticias\/wp-json\/wp\/v2\/categories?post=17467"},{"taxonomy":"post_tag","embeddable":true,"href":"https:\/\/blogdorogeriogomes.com.br\/noticias\/wp-json\/wp\/v2\/tags?post=17467"}],"curies":[{"name":"wp","href":"https:\/\/api.w.org\/{rel}","templated":true}]}}