{"id":17470,"date":"2020-07-08T20:49:44","date_gmt":"2020-07-08T20:49:44","guid":{"rendered":"http:\/\/blogdorogeriogomes.com.br\/?p=17470"},"modified":"2020-07-09T17:14:58","modified_gmt":"2020-07-09T17:14:58","slug":"assembleia-recebe-proposta-do-executivo-de-criacao-de-um-conselho-de-ex-governadores-do-ceara","status":"publish","type":"post","link":"https:\/\/blogdorogeriogomes.com.br\/noticias\/2020\/07\/assembleia-recebe-proposta-do-executivo-de-criacao-de-um-conselho-de-ex-governadores-do-ceara\/","title":{"rendered":"Assembleia recebe proposta do Executivo de cria\u00e7\u00e3o de um Conselho de Ex-governadores do Cear\u00e1"},"content":{"rendered":"\n<p>A Assembleia Legislativa do Cear\u00e1 vai analisar a cria\u00e7\u00e3o de um Conselho de Ex-governadores do Cear\u00e1 proposta pelo atual governador Camilo Santana. A ideia do conselho \u00e9 auxiliar no debate de a\u00e7\u00f5es priorit\u00e1rias do governo, contribuir para a concep\u00e7\u00e3o de pol\u00edticas p\u00fablicas e acompanhar o cen\u00e1rio econ\u00f4mico e social do Estado.<\/p>\n\n\n\n<p>Devem compor o conselho os ex-governadores Adauto Bezerra,&nbsp;Gonzaga Mota,&nbsp;Tasso Jereissati, Chico Aguiar,&nbsp;L\u00facio Alc\u00e2ntara,&nbsp;Ciro Gomes&nbsp;e&nbsp;Cid Gomes. A composi\u00e7\u00e3o no colegiado \u00e9 considerada atividade de relevante interesse p\u00fablico, honor\u00edfica e n\u00e3o remunerada.<\/p>\n\n\n\n<p>A proposta de cria\u00e7\u00e3o do Conselho de Ex-governadores deve ser apresentada em sess\u00e3o virtual dos deputados estaduais, nesta quinta-feira, dia 9 de julho, e n\u00e3o dever\u00e1 ter dificuldades para aprova\u00e7\u00e3o.<\/p>\n\n\n\n<figure class=\"wp-block-gallery columns-1 is-cropped wp-block-gallery-1 is-layout-flex wp-block-gallery-is-layout-flex\"><ul class=\"blocks-gallery-grid\"><li class=\"blocks-gallery-item\"><figure><img loading=\"lazy\" decoding=\"async\" width=\"678\" height=\"452\" src=\"http:\/\/blogdorogeriogomes.com.br\/wp-content\/uploads\/2020\/07\/images-8-1.jpeg\" alt=\"\" data-id=\"17471\" data-full-url=\"http:\/\/blogdorogeriogomes.com.br\/wp-content\/uploads\/2020\/07\/images-8-1.jpeg\" data-link=\"http:\/\/blogdorogeriogomes.com.br\/?attachment_id=17471\" class=\"wp-image-17471\" srcset=\"https:\/\/blogdorogeriogomes.com.br\/noticias\/wp-content\/uploads\/2020\/07\/images-8-1.jpeg 678w, https:\/\/blogdorogeriogomes.com.br\/noticias\/wp-content\/uploads\/2020\/07\/images-8-1-300x200.jpeg 300w\" sizes=\"auto, (max-width: 678px) 100vw, 678px\" \/><\/figure><\/li><\/ul><\/figure>\n\n\n\n<p><\/p>\n","protected":false},"excerpt":{"rendered":"<p>A Assembleia Legislativa do Cear\u00e1 vai analisar a cria\u00e7\u00e3o de um Conselho de Ex-governadores do Cear\u00e1 proposta pelo atual governador Camilo Santana. A ideia do conselho \u00e9 auxiliar no debate de a\u00e7\u00f5es priorit\u00e1rias do governo, contribuir para a concep\u00e7\u00e3o de pol\u00edticas p\u00fablicas e acompanhar o cen\u00e1rio econ\u00f4mico e social do Estado. Devem compor o conselho os ex-governadores Adauto Bezerra,&nbsp;Gonzaga Mota,&nbsp;Tasso Jereissati, Chico Aguiar,&nbsp;L\u00facio Alc\u00e2ntara,&nbsp;Ciro Gomes&nbsp;e&nbsp;Cid Gomes. A composi\u00e7\u00e3o no colegiado \u00e9 considerada atividade de relevante interesse p\u00fablico, honor\u00edfica e&hellip;<\/p>\n","protected":false},"author":1,"featured_media":17471,"comment_status":"open","ping_status":"open","sticky":false,"template":"","format":"standard","meta":{"footnotes":""},"categories":[1],"tags":[],"class_list":["post-17470","post","type-post","status-publish","format-standard","has-post-thumbnail","hentry","category-noticias"],"_links":{"self":[{"href":"https:\/\/blogdorogeriogomes.com.br\/noticias\/wp-json\/wp\/v2\/posts\/17470","targetHints":{"allow":["GET"]}}],"collection":[{"href":"https:\/\/blogdorogeriogomes.com.br\/noticias\/wp-json\/wp\/v2\/posts"}],"about":[{"href":"https:\/\/blogdorogeriogomes.com.br\/noticias\/wp-json\/wp\/v2\/types\/post"}],"author":[{"embeddable":true,"href":"https:\/\/blogdorogeriogomes.com.br\/noticias\/wp-json\/wp\/v2\/users\/1"}],"replies":[{"embeddable":true,"href":"https:\/\/blogdorogeriogomes.com.br\/noticias\/wp-json\/wp\/v2\/comments?post=17470"}],"version-history":[{"count":2,"href":"https:\/\/blogdorogeriogomes.com.br\/noticias\/wp-json\/wp\/v2\/posts\/17470\/revisions"}],"predecessor-version":[{"id":17483,"href":"https:\/\/blogdorogeriogomes.com.br\/noticias\/wp-json\/wp\/v2\/posts\/17470\/revisions\/17483"}],"wp:featuredmedia":[{"embeddable":true,"href":"https:\/\/blogdorogeriogomes.com.br\/noticias\/wp-json\/wp\/v2\/media\/17471"}],"wp:attachment":[{"href":"https:\/\/blogdorogeriogomes.com.br\/noticias\/wp-json\/wp\/v2\/media?parent=17470"}],"wp:term":[{"taxonomy":"category","embeddable":true,"href":"https:\/\/blogdorogeriogomes.com.br\/noticias\/wp-json\/wp\/v2\/categories?post=17470"},{"taxonomy":"post_tag","embeddable":true,"href":"https:\/\/blogdorogeriogomes.com.br\/noticias\/wp-json\/wp\/v2\/tags?post=17470"}],"curies":[{"name":"wp","href":"https:\/\/api.w.org\/{rel}","templated":true}]}}