{"id":17473,"date":"2020-07-08T21:09:49","date_gmt":"2020-07-08T21:09:49","guid":{"rendered":"http:\/\/blogdorogeriogomes.com.br\/?p=17473"},"modified":"2020-07-09T17:14:37","modified_gmt":"2020-07-09T17:14:37","slug":"facebook-desarticula-contas-ligadas-ao-cla-bolsonaro-e-a-deputados-do-psl","status":"publish","type":"post","link":"https:\/\/blogdorogeriogomes.com.br\/noticias\/2020\/07\/facebook-desarticula-contas-ligadas-ao-cla-bolsonaro-e-a-deputados-do-psl\/","title":{"rendered":"Facebook desarticula contas ligadas ao cl\u00e3 bolsonaro e a deputados do PSL"},"content":{"rendered":"\n<p>O Facebook desarticulou nesta quarta-feira, dia 8 de julho, uma rede de 73 contas, 14 p\u00e1ginas e um grupo na rede social e no Instagram de funcion\u00e1rios de gabinete do presidente Jair Bolsonaro, do senador Fl\u00e1vio Bolsonaro (Republicanos) e do deputado federal Eduardo Bolsonaro (PSL), al\u00e9m de envolvidos com o PSL, partido pelo qual o presidente se elegeu.<\/p>\n\n\n\n<p>As remo\u00e7\u00f5es ocorreram porque estas p\u00e1ginas empregavam a\u00e7\u00f5es vetadas pela plataforma, como o uso de contas falsas, envio de spam ou ado\u00e7\u00e3o de ferramentas artificiais para ampliar a presen\u00e7a online.<\/p>\n\n\n\n<figure class=\"wp-block-gallery columns-1 is-cropped wp-block-gallery-1 is-layout-flex wp-block-gallery-is-layout-flex\"><ul class=\"blocks-gallery-grid\"><li class=\"blocks-gallery-item\"><figure><img loading=\"lazy\" decoding=\"async\" width=\"554\" height=\"554\" src=\"http:\/\/blogdorogeriogomes.com.br\/wp-content\/uploads\/2020\/07\/images-9.jpeg\" alt=\"\" data-id=\"17474\" data-full-url=\"http:\/\/blogdorogeriogomes.com.br\/wp-content\/uploads\/2020\/07\/images-9.jpeg\" data-link=\"http:\/\/blogdorogeriogomes.com.br\/?attachment_id=17474\" class=\"wp-image-17474\" srcset=\"https:\/\/blogdorogeriogomes.com.br\/noticias\/wp-content\/uploads\/2020\/07\/images-9.jpeg 554w, https:\/\/blogdorogeriogomes.com.br\/noticias\/wp-content\/uploads\/2020\/07\/images-9-300x300.jpeg 300w, https:\/\/blogdorogeriogomes.com.br\/noticias\/wp-content\/uploads\/2020\/07\/images-9-150x150.jpeg 150w, https:\/\/blogdorogeriogomes.com.br\/noticias\/wp-content\/uploads\/2020\/07\/images-9-250x250.jpeg 250w\" sizes=\"auto, (max-width: 554px) 100vw, 554px\" \/><\/figure><\/li><\/ul><\/figure>\n","protected":false},"excerpt":{"rendered":"<p>O Facebook desarticulou nesta quarta-feira, dia 8 de julho, uma rede de 73 contas, 14 p\u00e1ginas e um grupo na rede social e no Instagram de funcion\u00e1rios de gabinete do presidente Jair Bolsonaro, do senador Fl\u00e1vio Bolsonaro (Republicanos) e do deputado federal Eduardo Bolsonaro (PSL), al\u00e9m de envolvidos com o PSL, partido pelo qual o presidente se elegeu. As remo\u00e7\u00f5es ocorreram porque estas p\u00e1ginas empregavam a\u00e7\u00f5es vetadas pela plataforma, como o uso de contas falsas, envio de spam ou&hellip;<\/p>\n","protected":false},"author":1,"featured_media":17474,"comment_status":"open","ping_status":"open","sticky":false,"template":"","format":"standard","meta":{"footnotes":""},"categories":[1],"tags":[],"class_list":["post-17473","post","type-post","status-publish","format-standard","has-post-thumbnail","hentry","category-noticias"],"_links":{"self":[{"href":"https:\/\/blogdorogeriogomes.com.br\/noticias\/wp-json\/wp\/v2\/posts\/17473","targetHints":{"allow":["GET"]}}],"collection":[{"href":"https:\/\/blogdorogeriogomes.com.br\/noticias\/wp-json\/wp\/v2\/posts"}],"about":[{"href":"https:\/\/blogdorogeriogomes.com.br\/noticias\/wp-json\/wp\/v2\/types\/post"}],"author":[{"embeddable":true,"href":"https:\/\/blogdorogeriogomes.com.br\/noticias\/wp-json\/wp\/v2\/users\/1"}],"replies":[{"embeddable":true,"href":"https:\/\/blogdorogeriogomes.com.br\/noticias\/wp-json\/wp\/v2\/comments?post=17473"}],"version-history":[{"count":1,"href":"https:\/\/blogdorogeriogomes.com.br\/noticias\/wp-json\/wp\/v2\/posts\/17473\/revisions"}],"predecessor-version":[{"id":17475,"href":"https:\/\/blogdorogeriogomes.com.br\/noticias\/wp-json\/wp\/v2\/posts\/17473\/revisions\/17475"}],"wp:featuredmedia":[{"embeddable":true,"href":"https:\/\/blogdorogeriogomes.com.br\/noticias\/wp-json\/wp\/v2\/media\/17474"}],"wp:attachment":[{"href":"https:\/\/blogdorogeriogomes.com.br\/noticias\/wp-json\/wp\/v2\/media?parent=17473"}],"wp:term":[{"taxonomy":"category","embeddable":true,"href":"https:\/\/blogdorogeriogomes.com.br\/noticias\/wp-json\/wp\/v2\/categories?post=17473"},{"taxonomy":"post_tag","embeddable":true,"href":"https:\/\/blogdorogeriogomes.com.br\/noticias\/wp-json\/wp\/v2\/tags?post=17473"}],"curies":[{"name":"wp","href":"https:\/\/api.w.org\/{rel}","templated":true}]}}