{"id":17476,"date":"2020-07-09T09:29:53","date_gmt":"2020-07-09T09:29:53","guid":{"rendered":"http:\/\/blogdorogeriogomes.com.br\/?p=17476"},"modified":"2020-07-09T17:14:30","modified_gmt":"2020-07-09T17:14:30","slug":"lider-do-governo-na-al-pede-licenca-para-ser-candidato-a-prefeito-em-maracanau","status":"publish","type":"post","link":"https:\/\/blogdorogeriogomes.com.br\/noticias\/2020\/07\/lider-do-governo-na-al-pede-licenca-para-ser-candidato-a-prefeito-em-maracanau\/","title":{"rendered":"L\u00edder do Governo na AL pede licen\u00e7a para ser candidato a prefeito em Maracana\u00fa"},"content":{"rendered":"\n<p>Na medida que se aproximam as conven\u00e7\u00f5es partid\u00e1rias para as elei\u00e7\u00f5es municipais, os pr\u00e9 candidatos fazem movimentos importantes em busca de se posicionar para os eleitores. Na Assembleia Legislativa do Cear\u00e1, o deputado estadual J\u00falio C\u00e9sar Filho (Cidadania) pediu licen\u00e7a de 120 dias da lideran\u00e7a do Governo para viabilizar sua candidatura \u00e0 Prefeitura de Maracana\u00fa.<\/p>\n\n\n\n<p>Enquanto isso, os deputados estaduais Walter Cavalcante (MDB) e Augusta Brito (PCdoB), atuais vice-l\u00edderes, devem responder como l\u00edderes do Governo do Estado na Assembleia Legislativa durante o afastamento de J\u00falio C\u00e9sar Filho.<\/p>\n\n\n\n<p>Em Fortaleza, a deputada federal Luizianne Lins (PT), em entrevista \u00e0 R\u00e1dio O POVO\/CBN, se mostrou disposta a conversar com o governador Camilo Santana sobre abrir m\u00e3o da sua pr\u00e9 candidatura a prefeita de Fortaleza. Ela revelou que poderia at\u00e9 desistir de concorrer, mas com o PT tendo candidatura pr\u00f3pria com o ex-secretario de Rela\u00e7\u00f5es Institucionais, Nelson Martins (PT), sendo um nome de consenso. Luizianne descarta alian\u00e7a com o PDT do prefeito Roberto Cl\u00e1udio.<\/p>\n\n\n\n<figure class=\"wp-block-gallery columns-1 is-cropped wp-block-gallery-1 is-layout-flex wp-block-gallery-is-layout-flex\"><ul class=\"blocks-gallery-grid\"><li class=\"blocks-gallery-item\"><figure><img loading=\"lazy\" decoding=\"async\" width=\"678\" height=\"452\" src=\"http:\/\/blogdorogeriogomes.com.br\/wp-content\/uploads\/2020\/07\/images-11.jpeg\" alt=\"\" data-id=\"17477\" data-full-url=\"http:\/\/blogdorogeriogomes.com.br\/wp-content\/uploads\/2020\/07\/images-11.jpeg\" data-link=\"http:\/\/blogdorogeriogomes.com.br\/?attachment_id=17477\" class=\"wp-image-17477\" srcset=\"https:\/\/blogdorogeriogomes.com.br\/noticias\/wp-content\/uploads\/2020\/07\/images-11.jpeg 678w, https:\/\/blogdorogeriogomes.com.br\/noticias\/wp-content\/uploads\/2020\/07\/images-11-300x200.jpeg 300w\" sizes=\"auto, (max-width: 678px) 100vw, 678px\" \/><\/figure><\/li><\/ul><\/figure>\n","protected":false},"excerpt":{"rendered":"<p>Na medida que se aproximam as conven\u00e7\u00f5es partid\u00e1rias para as elei\u00e7\u00f5es municipais, os pr\u00e9 candidatos fazem movimentos importantes em busca de se posicionar para os eleitores. Na Assembleia Legislativa do Cear\u00e1, o deputado estadual J\u00falio C\u00e9sar Filho (Cidadania) pediu licen\u00e7a de 120 dias da lideran\u00e7a do Governo para viabilizar sua candidatura \u00e0 Prefeitura de Maracana\u00fa. Enquanto isso, os deputados estaduais Walter Cavalcante (MDB) e Augusta Brito (PCdoB), atuais vice-l\u00edderes, devem responder como l\u00edderes do Governo do Estado na Assembleia&hellip;<\/p>\n","protected":false},"author":1,"featured_media":17477,"comment_status":"open","ping_status":"open","sticky":false,"template":"","format":"standard","meta":{"footnotes":""},"categories":[1],"tags":[],"class_list":["post-17476","post","type-post","status-publish","format-standard","has-post-thumbnail","hentry","category-noticias"],"_links":{"self":[{"href":"https:\/\/blogdorogeriogomes.com.br\/noticias\/wp-json\/wp\/v2\/posts\/17476","targetHints":{"allow":["GET"]}}],"collection":[{"href":"https:\/\/blogdorogeriogomes.com.br\/noticias\/wp-json\/wp\/v2\/posts"}],"about":[{"href":"https:\/\/blogdorogeriogomes.com.br\/noticias\/wp-json\/wp\/v2\/types\/post"}],"author":[{"embeddable":true,"href":"https:\/\/blogdorogeriogomes.com.br\/noticias\/wp-json\/wp\/v2\/users\/1"}],"replies":[{"embeddable":true,"href":"https:\/\/blogdorogeriogomes.com.br\/noticias\/wp-json\/wp\/v2\/comments?post=17476"}],"version-history":[{"count":1,"href":"https:\/\/blogdorogeriogomes.com.br\/noticias\/wp-json\/wp\/v2\/posts\/17476\/revisions"}],"predecessor-version":[{"id":17478,"href":"https:\/\/blogdorogeriogomes.com.br\/noticias\/wp-json\/wp\/v2\/posts\/17476\/revisions\/17478"}],"wp:featuredmedia":[{"embeddable":true,"href":"https:\/\/blogdorogeriogomes.com.br\/noticias\/wp-json\/wp\/v2\/media\/17477"}],"wp:attachment":[{"href":"https:\/\/blogdorogeriogomes.com.br\/noticias\/wp-json\/wp\/v2\/media?parent=17476"}],"wp:term":[{"taxonomy":"category","embeddable":true,"href":"https:\/\/blogdorogeriogomes.com.br\/noticias\/wp-json\/wp\/v2\/categories?post=17476"},{"taxonomy":"post_tag","embeddable":true,"href":"https:\/\/blogdorogeriogomes.com.br\/noticias\/wp-json\/wp\/v2\/tags?post=17476"}],"curies":[{"name":"wp","href":"https:\/\/api.w.org\/{rel}","templated":true}]}}