{"id":17479,"date":"2020-07-09T09:57:21","date_gmt":"2020-07-09T09:57:21","guid":{"rendered":"http:\/\/blogdorogeriogomes.com.br\/?p=17479"},"modified":"2020-07-09T17:14:23","modified_gmt":"2020-07-09T17:14:23","slug":"interior-do-pais-ja-tem-mais-mortes-pela-covid-19-do-que-as-capitais-o-mesmo-acontece-no-ceara","status":"publish","type":"post","link":"https:\/\/blogdorogeriogomes.com.br\/noticias\/2020\/07\/interior-do-pais-ja-tem-mais-mortes-pela-covid-19-do-que-as-capitais-o-mesmo-acontece-no-ceara\/","title":{"rendered":"Interior do Pa\u00eds j\u00e1 tem mais mortes pela Covid-19 do que as capitais. O mesmo acontece no Cear\u00e1"},"content":{"rendered":"\n<p>O avan\u00e7o da Covid-19 pelo Brasil fez com que o total de mortes pela doen\u00e7a no interior j\u00e1 supere a as capitais desde o primeiro \u00f3bito, em mar\u00e7o. Segundo dados do Minist\u00e9rio da Sa\u00fade, o interior registrava at\u00e9 a ter\u00e7a-feira, dia 7 de julho, 34 mil mortes em cidades do interior, contra 31 mil das capitais e do Distrito Federal, o que representa 52,2% do total de \u00f3bitos.<\/p>\n\n\n\n<p>No Cear\u00e1, a situa\u00e7\u00e3o se repete. Segundo o Minist\u00e9rio da Sa\u00fade,&nbsp;na primeira semana de julho, foram 430 mortes em decorr\u00eancia da doen\u00e7a no Cear\u00e1. Do total, 53% dos \u00f3bitos foram na Regi\u00e3o Metropolitana e 47% no interior.&nbsp;<\/p>\n\n\n\n<p>Dados atualizados nesta quarta-feira, dia 8 de julho, mostram que o n\u00famero de casos confirmados pela infec\u00e7\u00e3o causada pela Covid-19 no Cear\u00e1&nbsp; j\u00e1 chega a 129.598. S\u00e3o&nbsp;6.678 \u00f3bitos pela doen\u00e7a no Estado.<\/p>\n\n\n\n<figure class=\"wp-block-gallery columns-1 is-cropped wp-block-gallery-1 is-layout-flex wp-block-gallery-is-layout-flex\"><ul class=\"blocks-gallery-grid\"><li class=\"blocks-gallery-item\"><figure><img loading=\"lazy\" decoding=\"async\" width=\"679\" height=\"452\" src=\"http:\/\/blogdorogeriogomes.com.br\/wp-content\/uploads\/2020\/07\/images-12.jpeg\" alt=\"\" data-id=\"17480\" data-full-url=\"http:\/\/blogdorogeriogomes.com.br\/wp-content\/uploads\/2020\/07\/images-12.jpeg\" data-link=\"http:\/\/blogdorogeriogomes.com.br\/?attachment_id=17480\" class=\"wp-image-17480\" srcset=\"https:\/\/blogdorogeriogomes.com.br\/noticias\/wp-content\/uploads\/2020\/07\/images-12.jpeg 679w, https:\/\/blogdorogeriogomes.com.br\/noticias\/wp-content\/uploads\/2020\/07\/images-12-300x200.jpeg 300w\" sizes=\"auto, (max-width: 679px) 100vw, 679px\" \/><\/figure><\/li><\/ul><\/figure>\n","protected":false},"excerpt":{"rendered":"<p>O avan\u00e7o da Covid-19 pelo Brasil fez com que o total de mortes pela doen\u00e7a no interior j\u00e1 supere a as capitais desde o primeiro \u00f3bito, em mar\u00e7o. Segundo dados do Minist\u00e9rio da Sa\u00fade, o interior registrava at\u00e9 a ter\u00e7a-feira, dia 7 de julho, 34 mil mortes em cidades do interior, contra 31 mil das capitais e do Distrito Federal, o que representa 52,2% do total de \u00f3bitos. No Cear\u00e1, a situa\u00e7\u00e3o se repete. Segundo o Minist\u00e9rio da Sa\u00fade,&nbsp;na&hellip;<\/p>\n","protected":false},"author":1,"featured_media":17480,"comment_status":"open","ping_status":"open","sticky":false,"template":"","format":"standard","meta":{"footnotes":""},"categories":[1],"tags":[],"class_list":["post-17479","post","type-post","status-publish","format-standard","has-post-thumbnail","hentry","category-noticias"],"_links":{"self":[{"href":"https:\/\/blogdorogeriogomes.com.br\/noticias\/wp-json\/wp\/v2\/posts\/17479","targetHints":{"allow":["GET"]}}],"collection":[{"href":"https:\/\/blogdorogeriogomes.com.br\/noticias\/wp-json\/wp\/v2\/posts"}],"about":[{"href":"https:\/\/blogdorogeriogomes.com.br\/noticias\/wp-json\/wp\/v2\/types\/post"}],"author":[{"embeddable":true,"href":"https:\/\/blogdorogeriogomes.com.br\/noticias\/wp-json\/wp\/v2\/users\/1"}],"replies":[{"embeddable":true,"href":"https:\/\/blogdorogeriogomes.com.br\/noticias\/wp-json\/wp\/v2\/comments?post=17479"}],"version-history":[{"count":2,"href":"https:\/\/blogdorogeriogomes.com.br\/noticias\/wp-json\/wp\/v2\/posts\/17479\/revisions"}],"predecessor-version":[{"id":17482,"href":"https:\/\/blogdorogeriogomes.com.br\/noticias\/wp-json\/wp\/v2\/posts\/17479\/revisions\/17482"}],"wp:featuredmedia":[{"embeddable":true,"href":"https:\/\/blogdorogeriogomes.com.br\/noticias\/wp-json\/wp\/v2\/media\/17480"}],"wp:attachment":[{"href":"https:\/\/blogdorogeriogomes.com.br\/noticias\/wp-json\/wp\/v2\/media?parent=17479"}],"wp:term":[{"taxonomy":"category","embeddable":true,"href":"https:\/\/blogdorogeriogomes.com.br\/noticias\/wp-json\/wp\/v2\/categories?post=17479"},{"taxonomy":"post_tag","embeddable":true,"href":"https:\/\/blogdorogeriogomes.com.br\/noticias\/wp-json\/wp\/v2\/tags?post=17479"}],"curies":[{"name":"wp","href":"https:\/\/api.w.org\/{rel}","templated":true}]}}