{"id":17488,"date":"2020-07-09T20:39:35","date_gmt":"2020-07-09T20:39:35","guid":{"rendered":"http:\/\/blogdorogeriogomes.com.br\/?p=17488"},"modified":"2020-07-10T11:15:31","modified_gmt":"2020-07-10T11:15:31","slug":"assembleia-legislativa-do-ceara-e-camara-municipal-de-fortaleza-definem-protocolos-para-retorno-as-atividades-presenciais","status":"publish","type":"post","link":"https:\/\/blogdorogeriogomes.com.br\/noticias\/2020\/07\/assembleia-legislativa-do-ceara-e-camara-municipal-de-fortaleza-definem-protocolos-para-retorno-as-atividades-presenciais\/","title":{"rendered":"Assembleia Legislativa do Cear\u00e1 e C\u00e2mara Municipal de Fortaleza definem protocolos para retorno \u00e0s atividades presenciais"},"content":{"rendered":"\n<p>A Assembleia Legislativa do Cear\u00e1 e a C\u00e2mara Municipal de Fortaleza definiram protocolos de seguran\u00e7a para o retorno das atividades presenciais. A ideia \u00e9 que as sess\u00f5es legislativas retornem cercadas de todos os cuidados por causa da pandemia do coronav\u00edrus.<\/p>\n\n\n\n<p>O presidente da Assembleia Legislativa do Cear\u00e1, Jos\u00e9 Sarto, anunciou o retorno das atividades presenciais da AL para o dia 20 de julho. A data marca o in\u00edcio da Fase 4 do plano de retomada econ\u00f4mica em Fortaleza. Para o retorno das atividades na Assembleia est\u00e3o previstos testes r\u00e1pidos da Covid-19 para todos os servidores e funcion\u00e1rios terceirizados da Casa. <\/p>\n\n\n\n<p>O presidente da C\u00e2mara Municipal de Fortaleza, Ant\u00f4nio Henrique (PDT), entende que a retomada das atividades da Casa deve seguir os protocolos para ocorrer de forma respons\u00e1vel. No Legislativo Municipal, ficou decidido que as sess\u00f5es plen\u00e1rias voltar\u00e3o a acontecer a partir do dia 3 de agosto, mas com n\u00famero reduzido de parlamentares no plen\u00e1rio.<\/p>\n\n\n\n<figure class=\"wp-block-gallery columns-1 is-cropped wp-block-gallery-1 is-layout-flex wp-block-gallery-is-layout-flex\"><ul class=\"blocks-gallery-grid\"><li class=\"blocks-gallery-item\"><figure><img loading=\"lazy\" decoding=\"async\" width=\"539\" height=\"381\" src=\"http:\/\/blogdorogeriogomes.com.br\/wp-content\/uploads\/2020\/07\/images-14.jpeg\" alt=\"\" data-id=\"17489\" data-full-url=\"http:\/\/blogdorogeriogomes.com.br\/wp-content\/uploads\/2020\/07\/images-14.jpeg\" data-link=\"http:\/\/blogdorogeriogomes.com.br\/?attachment_id=17489\" class=\"wp-image-17489\" srcset=\"https:\/\/blogdorogeriogomes.com.br\/noticias\/wp-content\/uploads\/2020\/07\/images-14.jpeg 539w, https:\/\/blogdorogeriogomes.com.br\/noticias\/wp-content\/uploads\/2020\/07\/images-14-300x212.jpeg 300w\" sizes=\"auto, (max-width: 539px) 100vw, 539px\" \/><\/figure><\/li><\/ul><\/figure>\n","protected":false},"excerpt":{"rendered":"<p>A Assembleia Legislativa do Cear\u00e1 e a C\u00e2mara Municipal de Fortaleza definiram protocolos de seguran\u00e7a para o retorno das atividades presenciais. A ideia \u00e9 que as sess\u00f5es legislativas retornem cercadas de todos os cuidados por causa da pandemia do coronav\u00edrus. O presidente da Assembleia Legislativa do Cear\u00e1, Jos\u00e9 Sarto, anunciou o retorno das atividades presenciais da AL para o dia 20 de julho. A data marca o in\u00edcio da Fase 4 do plano de retomada econ\u00f4mica em Fortaleza. Para&hellip;<\/p>\n","protected":false},"author":1,"featured_media":17489,"comment_status":"open","ping_status":"open","sticky":false,"template":"","format":"standard","meta":{"footnotes":""},"categories":[1],"tags":[],"class_list":["post-17488","post","type-post","status-publish","format-standard","has-post-thumbnail","hentry","category-noticias"],"_links":{"self":[{"href":"https:\/\/blogdorogeriogomes.com.br\/noticias\/wp-json\/wp\/v2\/posts\/17488","targetHints":{"allow":["GET"]}}],"collection":[{"href":"https:\/\/blogdorogeriogomes.com.br\/noticias\/wp-json\/wp\/v2\/posts"}],"about":[{"href":"https:\/\/blogdorogeriogomes.com.br\/noticias\/wp-json\/wp\/v2\/types\/post"}],"author":[{"embeddable":true,"href":"https:\/\/blogdorogeriogomes.com.br\/noticias\/wp-json\/wp\/v2\/users\/1"}],"replies":[{"embeddable":true,"href":"https:\/\/blogdorogeriogomes.com.br\/noticias\/wp-json\/wp\/v2\/comments?post=17488"}],"version-history":[{"count":1,"href":"https:\/\/blogdorogeriogomes.com.br\/noticias\/wp-json\/wp\/v2\/posts\/17488\/revisions"}],"predecessor-version":[{"id":17490,"href":"https:\/\/blogdorogeriogomes.com.br\/noticias\/wp-json\/wp\/v2\/posts\/17488\/revisions\/17490"}],"wp:featuredmedia":[{"embeddable":true,"href":"https:\/\/blogdorogeriogomes.com.br\/noticias\/wp-json\/wp\/v2\/media\/17489"}],"wp:attachment":[{"href":"https:\/\/blogdorogeriogomes.com.br\/noticias\/wp-json\/wp\/v2\/media?parent=17488"}],"wp:term":[{"taxonomy":"category","embeddable":true,"href":"https:\/\/blogdorogeriogomes.com.br\/noticias\/wp-json\/wp\/v2\/categories?post=17488"},{"taxonomy":"post_tag","embeddable":true,"href":"https:\/\/blogdorogeriogomes.com.br\/noticias\/wp-json\/wp\/v2\/tags?post=17488"}],"curies":[{"name":"wp","href":"https:\/\/api.w.org\/{rel}","templated":true}]}}