{"id":17505,"date":"2020-07-11T14:10:43","date_gmt":"2020-07-11T14:10:43","guid":{"rendered":"https:\/\/blogdorogeriogomes.com.br\/?p=17505"},"modified":"2020-07-13T14:13:27","modified_gmt":"2020-07-13T14:13:27","slug":"barracas-de-praia-e-futebol-sem-torcida-estarao-liberados-em-fortaleza-a-partir-de-segunda-feira","status":"publish","type":"post","link":"https:\/\/blogdorogeriogomes.com.br\/noticias\/2020\/07\/barracas-de-praia-e-futebol-sem-torcida-estarao-liberados-em-fortaleza-a-partir-de-segunda-feira\/","title":{"rendered":"Barracas de praia e futebol sem torcida estar\u00e3o liberados em Fortaleza a partir de segunda-feira"},"content":{"rendered":"\n<p>O governador do Cear\u00e1, Camilo Santana, e o prefeito de Fortaleza, Roberto Cl\u00e1udio, anunciaram no in\u00edcio da noite desta sexta-feira, dia 10 de julho, a renova\u00e7\u00e3o do decreto governamental que determina as regras de isolamento social. Em Fortaleza, permanece por mais sete dias, a partir de segunda-feira, dia 13, a Fase 3 do plano de retomada econ\u00f4mica. Mas fica autorizado o retorno dos jogos do Campeonato Cearense de Futebol 2020 sem torcida e com todo o protocolo de seguran\u00e7a. Tamb\u00e9m fica permitida a reabertura das barracas de praia em Fortaleza no hor\u00e1rio do almo\u00e7o.<br> Maracana\u00fa, Caucaia, Eus\u00e9bio, Horizonte e Aquiraz, seguem na Fase 2 de reabertura. Munic\u00edpios da macrorregi\u00e3o do Sert\u00e3o Central, Litoral Leste e Jaguaribe passam \u00e0 Fase 1. A Zona Norte inicia a fase de transi\u00e7\u00e3o.<br> Nas Regi\u00f5es Centro-Sul e Cariri, em cidades como Iguatu, Juazeiro do Norte, Crato, Barbalha e Brejo Santo seguem as regras de isolamento social r\u00edgido.<\/p>\n\n\n\n<figure class=\"wp-block-gallery columns-1 is-cropped wp-block-gallery-1 is-layout-flex wp-block-gallery-is-layout-flex\"><ul class=\"blocks-gallery-grid\"><li class=\"blocks-gallery-item\"><figure><img loading=\"lazy\" decoding=\"async\" width=\"678\" height=\"452\" src=\"https:\/\/blogdorogeriogomes.com.br\/wp-content\/uploads\/2020\/07\/IMG-20200710-WA0011.jpg\" alt=\"\" data-id=\"17506\" data-full-url=\"https:\/\/blogdorogeriogomes.com.br\/wp-content\/uploads\/2020\/07\/IMG-20200710-WA0011.jpg\" data-link=\"https:\/\/blogdorogeriogomes.com.br\/?attachment_id=17506\" class=\"wp-image-17506\" srcset=\"https:\/\/blogdorogeriogomes.com.br\/noticias\/wp-content\/uploads\/2020\/07\/IMG-20200710-WA0011.jpg 678w, https:\/\/blogdorogeriogomes.com.br\/noticias\/wp-content\/uploads\/2020\/07\/IMG-20200710-WA0011-300x200.jpg 300w\" sizes=\"auto, (max-width: 678px) 100vw, 678px\" \/><\/figure><\/li><\/ul><\/figure>\n","protected":false},"excerpt":{"rendered":"<p>O governador do Cear\u00e1, Camilo Santana, e o prefeito de Fortaleza, Roberto Cl\u00e1udio, anunciaram no in\u00edcio da noite desta sexta-feira, dia 10 de julho, a renova\u00e7\u00e3o do decreto governamental que determina as regras de isolamento social. Em Fortaleza, permanece por mais sete dias, a partir de segunda-feira, dia 13, a Fase 3 do plano de retomada econ\u00f4mica. Mas fica autorizado o retorno dos jogos do Campeonato Cearense de Futebol 2020 sem torcida e com todo o protocolo de seguran\u00e7a.&hellip;<\/p>\n","protected":false},"author":1,"featured_media":17506,"comment_status":"open","ping_status":"open","sticky":false,"template":"","format":"standard","meta":{"footnotes":""},"categories":[1],"tags":[],"class_list":["post-17505","post","type-post","status-publish","format-standard","has-post-thumbnail","hentry","category-noticias"],"_links":{"self":[{"href":"https:\/\/blogdorogeriogomes.com.br\/noticias\/wp-json\/wp\/v2\/posts\/17505","targetHints":{"allow":["GET"]}}],"collection":[{"href":"https:\/\/blogdorogeriogomes.com.br\/noticias\/wp-json\/wp\/v2\/posts"}],"about":[{"href":"https:\/\/blogdorogeriogomes.com.br\/noticias\/wp-json\/wp\/v2\/types\/post"}],"author":[{"embeddable":true,"href":"https:\/\/blogdorogeriogomes.com.br\/noticias\/wp-json\/wp\/v2\/users\/1"}],"replies":[{"embeddable":true,"href":"https:\/\/blogdorogeriogomes.com.br\/noticias\/wp-json\/wp\/v2\/comments?post=17505"}],"version-history":[{"count":1,"href":"https:\/\/blogdorogeriogomes.com.br\/noticias\/wp-json\/wp\/v2\/posts\/17505\/revisions"}],"predecessor-version":[{"id":17507,"href":"https:\/\/blogdorogeriogomes.com.br\/noticias\/wp-json\/wp\/v2\/posts\/17505\/revisions\/17507"}],"wp:featuredmedia":[{"embeddable":true,"href":"https:\/\/blogdorogeriogomes.com.br\/noticias\/wp-json\/wp\/v2\/media\/17506"}],"wp:attachment":[{"href":"https:\/\/blogdorogeriogomes.com.br\/noticias\/wp-json\/wp\/v2\/media?parent=17505"}],"wp:term":[{"taxonomy":"category","embeddable":true,"href":"https:\/\/blogdorogeriogomes.com.br\/noticias\/wp-json\/wp\/v2\/categories?post=17505"},{"taxonomy":"post_tag","embeddable":true,"href":"https:\/\/blogdorogeriogomes.com.br\/noticias\/wp-json\/wp\/v2\/tags?post=17505"}],"curies":[{"name":"wp","href":"https:\/\/api.w.org\/{rel}","templated":true}]}}