{"id":17508,"date":"2020-07-11T14:12:26","date_gmt":"2020-07-11T14:12:26","guid":{"rendered":"https:\/\/blogdorogeriogomes.com.br\/?p=17508"},"modified":"2020-07-13T14:13:18","modified_gmt":"2020-07-13T14:13:18","slug":"queiroz-vai-para-a-prisao-domiciliar-e-agora-se-espera-o-aparecimento-da-esposa-marcia","status":"publish","type":"post","link":"https:\/\/blogdorogeriogomes.com.br\/noticias\/2020\/07\/queiroz-vai-para-a-prisao-domiciliar-e-agora-se-espera-o-aparecimento-da-esposa-marcia\/","title":{"rendered":"Queiroz vai para a pris\u00e3o domiciliar e agora se espera o aparecimento da esposa M\u00e1rcia"},"content":{"rendered":"\n<p>O policial militar aposentado Fabr\u00edcio Queiroz deixou o Complexo Penitenci\u00e1rio de Gericin\u00f3, no Rio de Janeiro, na noite desta sexta-feira, dia 10 de julho, para cumprir pris\u00e3o domiciliar. Ele ir\u00e1 para sua casa na Taquara, zona oeste da cidade.<br> O ex-assessor estava preso preventivamente desde o dia 18 de junho, no \u00e2mbito de investiga\u00e7\u00e3o sobre a pr\u00e1tica de &#8220;rachadinha&#8221; no gabinete de Fl\u00e1vio Bolsonaro na Assembleia Legislativa do Rio de Janeiro.<br> O presidente do Superior Tribunal de Justi\u00e7a, Jo\u00e3o Ot\u00e1vio de Noronha, atendeu pedido da defesa e concordou com a transfer\u00eancia de Queiroz para a pris\u00e3o domiciliar, com uso de tornozeleira eletr\u00f4nica e restri\u00e7\u00e3o de comunica\u00e7\u00e3o. A medida se estende \u00e0 esposa de Queiroz, M\u00e1rcia Oliveira, que tinha pris\u00e3o preventiva decretada mas ainda est\u00e1 foragida. Deve voltar pra casa a qualquer momento.<br> Estranho \u00e9 que a decis\u00e3o do presidente do STJ, Jo\u00e3o Noronha, de conceder pris\u00e3o domiciliar a Queiroz e a M\u00e1rcia contraria os pr\u00f3prios posicionamentos dele em julgamentos anteriores com o mesmo teor. Noronha, na verdade, trabalha para ser indicado pelo presidente Jair Bolsonaro a uma vaga no Supremo Tribunal Federal.<br> Mas pegou mal a libera\u00e7\u00e3o de Queiroz entre os outros ministros do STJ, que n\u00e3o descartam rever o relaxamento da pris\u00e3o de Queiroz e da mulher no in\u00edcio de agosto, ap\u00f3s o recesso do Judici\u00e1rio em julho.<\/p>\n\n\n\n<figure class=\"wp-block-gallery columns-1 is-cropped wp-block-gallery-1 is-layout-flex wp-block-gallery-is-layout-flex\"><ul class=\"blocks-gallery-grid\"><li class=\"blocks-gallery-item\"><figure><img loading=\"lazy\" decoding=\"async\" width=\"1024\" height=\"576\" src=\"https:\/\/blogdorogeriogomes.com.br\/wp-content\/uploads\/2020\/07\/IMG-20200711-WA0001-1024x576.jpg\" alt=\"\" data-id=\"17509\" data-full-url=\"https:\/\/blogdorogeriogomes.com.br\/wp-content\/uploads\/2020\/07\/IMG-20200711-WA0001.jpg\" data-link=\"https:\/\/blogdorogeriogomes.com.br\/?attachment_id=17509\" class=\"wp-image-17509\" srcset=\"https:\/\/blogdorogeriogomes.com.br\/noticias\/wp-content\/uploads\/2020\/07\/IMG-20200711-WA0001-1024x576.jpg 1024w, https:\/\/blogdorogeriogomes.com.br\/noticias\/wp-content\/uploads\/2020\/07\/IMG-20200711-WA0001-300x169.jpg 300w, https:\/\/blogdorogeriogomes.com.br\/noticias\/wp-content\/uploads\/2020\/07\/IMG-20200711-WA0001-768x432.jpg 768w, https:\/\/blogdorogeriogomes.com.br\/noticias\/wp-content\/uploads\/2020\/07\/IMG-20200711-WA0001-800x450.jpg 800w, https:\/\/blogdorogeriogomes.com.br\/noticias\/wp-content\/uploads\/2020\/07\/IMG-20200711-WA0001.jpg 1080w\" sizes=\"auto, (max-width: 1024px) 100vw, 1024px\" \/><\/figure><\/li><\/ul><\/figure>\n","protected":false},"excerpt":{"rendered":"<p>O policial militar aposentado Fabr\u00edcio Queiroz deixou o Complexo Penitenci\u00e1rio de Gericin\u00f3, no Rio de Janeiro, na noite desta sexta-feira, dia 10 de julho, para cumprir pris\u00e3o domiciliar. Ele ir\u00e1 para sua casa na Taquara, zona oeste da cidade. O ex-assessor estava preso preventivamente desde o dia 18 de junho, no \u00e2mbito de investiga\u00e7\u00e3o sobre a pr\u00e1tica de &#8220;rachadinha&#8221; no gabinete de Fl\u00e1vio Bolsonaro na Assembleia Legislativa do Rio de Janeiro. O presidente do Superior Tribunal de Justi\u00e7a, Jo\u00e3o&hellip;<\/p>\n","protected":false},"author":1,"featured_media":17509,"comment_status":"open","ping_status":"open","sticky":false,"template":"","format":"standard","meta":{"footnotes":""},"categories":[1],"tags":[],"class_list":["post-17508","post","type-post","status-publish","format-standard","has-post-thumbnail","hentry","category-noticias"],"_links":{"self":[{"href":"https:\/\/blogdorogeriogomes.com.br\/noticias\/wp-json\/wp\/v2\/posts\/17508","targetHints":{"allow":["GET"]}}],"collection":[{"href":"https:\/\/blogdorogeriogomes.com.br\/noticias\/wp-json\/wp\/v2\/posts"}],"about":[{"href":"https:\/\/blogdorogeriogomes.com.br\/noticias\/wp-json\/wp\/v2\/types\/post"}],"author":[{"embeddable":true,"href":"https:\/\/blogdorogeriogomes.com.br\/noticias\/wp-json\/wp\/v2\/users\/1"}],"replies":[{"embeddable":true,"href":"https:\/\/blogdorogeriogomes.com.br\/noticias\/wp-json\/wp\/v2\/comments?post=17508"}],"version-history":[{"count":1,"href":"https:\/\/blogdorogeriogomes.com.br\/noticias\/wp-json\/wp\/v2\/posts\/17508\/revisions"}],"predecessor-version":[{"id":17510,"href":"https:\/\/blogdorogeriogomes.com.br\/noticias\/wp-json\/wp\/v2\/posts\/17508\/revisions\/17510"}],"wp:featuredmedia":[{"embeddable":true,"href":"https:\/\/blogdorogeriogomes.com.br\/noticias\/wp-json\/wp\/v2\/media\/17509"}],"wp:attachment":[{"href":"https:\/\/blogdorogeriogomes.com.br\/noticias\/wp-json\/wp\/v2\/media?parent=17508"}],"wp:term":[{"taxonomy":"category","embeddable":true,"href":"https:\/\/blogdorogeriogomes.com.br\/noticias\/wp-json\/wp\/v2\/categories?post=17508"},{"taxonomy":"post_tag","embeddable":true,"href":"https:\/\/blogdorogeriogomes.com.br\/noticias\/wp-json\/wp\/v2\/tags?post=17508"}],"curies":[{"name":"wp","href":"https:\/\/api.w.org\/{rel}","templated":true}]}}