{"id":17514,"date":"2020-07-12T13:20:52","date_gmt":"2020-07-12T13:20:52","guid":{"rendered":"https:\/\/blogdorogeriogomes.com.br\/?p=17514"},"modified":"2020-07-13T14:12:51","modified_gmt":"2020-07-13T14:12:51","slug":"roberto-claudio-diz-que-prefeitura-nao-deu-licenca-para-construcao-de-conjunto-imobiliario-nas-dunas-da-sabiaguaba","status":"publish","type":"post","link":"https:\/\/blogdorogeriogomes.com.br\/noticias\/2020\/07\/roberto-claudio-diz-que-prefeitura-nao-deu-licenca-para-construcao-de-conjunto-imobiliario-nas-dunas-da-sabiaguaba\/","title":{"rendered":"Roberto Cl\u00e1udio diz que Prefeitura n\u00e3o deu licen\u00e7a para constru\u00e7\u00e3o de conjunto imobili\u00e1rio nas dunas da Sabiaguaba"},"content":{"rendered":"\n<p>O prefeito de Fortaleza, Roberto Cl\u00e1udio, se manifestou pelas redes sociais, neste s\u00e1bado \u00e0 noite, dia 11 de julho, sobre a pol\u00eamica envolvendo a constru\u00e7\u00e3o de um empreendimento imobili\u00e1rio na \u00e1rea das dunas da Sabiaguaba. Segundo ele, o loteamento aprovado para ser demarcado nas dunas da Sabiaguaba n\u00e3o possui licen\u00e7a da Prefeitura de Fortaleza. \u201cAproveito para destacar que esse projeto recebeu, \u00fanica e exclusivamente, uma inicial aprova\u00e7\u00e3o&nbsp; no Conselho Gestor da Sabiaguaba. Ou seja, n\u00e3o existe nenhuma Licen\u00e7a da Prefeitura de Fortaleza autorizando absolutamente nada\u201d, se manifestou Roberto Cl\u00e1udio.<\/p>\n\n\n\n<p>O Conselho Gestor da Sabiaguaba aprovou, na \u00faltima quarta-feira, dia 8 de julho, com 14 votos a favor e 2 contr\u00e1rios, a demarca\u00e7\u00e3o de um loteamento nas dunas de Sabiaguaba. O espa\u00e7o aprovado para ser loteado deve ocupar 50 hectares, cerca de 3% do espa\u00e7o total da reserva. No local, deve ser erguido um conjunto de pr\u00e9dios.&nbsp;&nbsp;<\/p>\n\n\n\n<p>Neste s\u00e1bado, dia 11 de julho, o Minist\u00e9rio P\u00fablico do Estado do Cear\u00e1 emitiu uma recomenda\u00e7\u00e3o ao Poder Municipal e Estadual, solicitando a suspens\u00e3o do empreendimento.<\/p>\n\n\n\n<figure class=\"wp-block-image size-large\"><img loading=\"lazy\" decoding=\"async\" width=\"600\" height=\"450\" src=\"https:\/\/blogdorogeriogomes.com.br\/wp-content\/uploads\/2020\/07\/sabiaguaba.png\" alt=\"\" class=\"wp-image-17515\" srcset=\"https:\/\/blogdorogeriogomes.com.br\/noticias\/wp-content\/uploads\/2020\/07\/sabiaguaba.png 600w, https:\/\/blogdorogeriogomes.com.br\/noticias\/wp-content\/uploads\/2020\/07\/sabiaguaba-300x225.png 300w, https:\/\/blogdorogeriogomes.com.br\/noticias\/wp-content\/uploads\/2020\/07\/sabiaguaba-400x300.png 400w\" sizes=\"auto, (max-width: 600px) 100vw, 600px\" \/><\/figure>\n","protected":false},"excerpt":{"rendered":"<p>O prefeito de Fortaleza, Roberto Cl\u00e1udio, se manifestou pelas redes sociais, neste s\u00e1bado \u00e0 noite, dia 11 de julho, sobre a pol\u00eamica envolvendo a constru\u00e7\u00e3o de um empreendimento imobili\u00e1rio na \u00e1rea das dunas da Sabiaguaba. Segundo ele, o loteamento aprovado para ser demarcado nas dunas da Sabiaguaba n\u00e3o possui licen\u00e7a da Prefeitura de Fortaleza. \u201cAproveito para destacar que esse projeto recebeu, \u00fanica e exclusivamente, uma inicial aprova\u00e7\u00e3o&nbsp; no Conselho Gestor da Sabiaguaba. Ou seja, n\u00e3o existe nenhuma Licen\u00e7a da&hellip;<\/p>\n","protected":false},"author":1,"featured_media":17515,"comment_status":"open","ping_status":"open","sticky":false,"template":"","format":"standard","meta":{"footnotes":""},"categories":[1],"tags":[],"class_list":["post-17514","post","type-post","status-publish","format-standard","has-post-thumbnail","hentry","category-noticias"],"_links":{"self":[{"href":"https:\/\/blogdorogeriogomes.com.br\/noticias\/wp-json\/wp\/v2\/posts\/17514","targetHints":{"allow":["GET"]}}],"collection":[{"href":"https:\/\/blogdorogeriogomes.com.br\/noticias\/wp-json\/wp\/v2\/posts"}],"about":[{"href":"https:\/\/blogdorogeriogomes.com.br\/noticias\/wp-json\/wp\/v2\/types\/post"}],"author":[{"embeddable":true,"href":"https:\/\/blogdorogeriogomes.com.br\/noticias\/wp-json\/wp\/v2\/users\/1"}],"replies":[{"embeddable":true,"href":"https:\/\/blogdorogeriogomes.com.br\/noticias\/wp-json\/wp\/v2\/comments?post=17514"}],"version-history":[{"count":2,"href":"https:\/\/blogdorogeriogomes.com.br\/noticias\/wp-json\/wp\/v2\/posts\/17514\/revisions"}],"predecessor-version":[{"id":17526,"href":"https:\/\/blogdorogeriogomes.com.br\/noticias\/wp-json\/wp\/v2\/posts\/17514\/revisions\/17526"}],"wp:featuredmedia":[{"embeddable":true,"href":"https:\/\/blogdorogeriogomes.com.br\/noticias\/wp-json\/wp\/v2\/media\/17515"}],"wp:attachment":[{"href":"https:\/\/blogdorogeriogomes.com.br\/noticias\/wp-json\/wp\/v2\/media?parent=17514"}],"wp:term":[{"taxonomy":"category","embeddable":true,"href":"https:\/\/blogdorogeriogomes.com.br\/noticias\/wp-json\/wp\/v2\/categories?post=17514"},{"taxonomy":"post_tag","embeddable":true,"href":"https:\/\/blogdorogeriogomes.com.br\/noticias\/wp-json\/wp\/v2\/tags?post=17514"}],"curies":[{"name":"wp","href":"https:\/\/api.w.org\/{rel}","templated":true}]}}