{"id":17519,"date":"2020-07-13T09:43:18","date_gmt":"2020-07-13T09:43:18","guid":{"rendered":"https:\/\/blogdorogeriogomes.com.br\/?p=17519"},"modified":"2020-07-13T14:12:36","modified_gmt":"2020-07-13T14:12:36","slug":"praias-lotadas-no-litoral-leste-no-domingo-mas-barracas-em-fortaleza-voltam-a-funcionar-apenas-nesta-segunda-feira","status":"publish","type":"post","link":"https:\/\/blogdorogeriogomes.com.br\/noticias\/2020\/07\/praias-lotadas-no-litoral-leste-no-domingo-mas-barracas-em-fortaleza-voltam-a-funcionar-apenas-nesta-segunda-feira\/","title":{"rendered":"Praias lotadas no Litoral Leste no domingo, mas barracas em Fortaleza voltam a funcionar apenas nesta segunda-feira"},"content":{"rendered":"\n<p>O funcionamento de barracas de praia em Fortaleza e na Regi\u00e3o Metropolitana est\u00e1 liberado pelo Governo do Cear\u00e1 a partir desta segunda-feira, dia 13 de julho. Mas o domingo, dia 12, j\u00e1 foi de praias lotadas nos munic\u00edpios de Aquiraz, Cascavel e Beberibe. Em Fortaleza houve movimento, mas sem funcionamento de barracas na Praia do Futuro.<\/p>\n\n\n\n<p>Os n\u00fameros da Covid-19 no Cear\u00e1 chegaram a 136.790 casos, de acordo com boletim da Secretaria da Sa\u00fade do Estado deste domingo. O Estado contabiliza 6.869 mortes pela Covid-19. At\u00e9 este domingo, 110.224 pessoas j\u00e1 se recuperaram. Nas \u00faltimas 24 horas, duas mortes foram confirmadas.&nbsp;&nbsp;<\/p>\n\n\n\n<p>A letalidade da doen\u00e7a segue em 5%. O Estado tem 71,16% das Unidades de Tratamento Intensivo (UTI) ocupadas, e 40,4% de ocupa\u00e7\u00e3o em enfermarias.&nbsp;<\/p>\n\n\n\n<p>Segundo o Minist\u00e9rio da Sa\u00fade, o Brasil registrou 72.100 \u00f3bitos causados pela nova infec\u00e7\u00e3o. Apenas nas \u00faltimas 24 horas, foram 631 mortes causadas pelo novo coronav\u00edrus. <\/p>\n\n\n\n<p>Foto: Kid J\u00fanior\/DN<\/p>\n\n\n\n<figure class=\"wp-block-image size-large\"><img loading=\"lazy\" decoding=\"async\" width=\"800\" height=\"450\" src=\"https:\/\/blogdorogeriogomes.com.br\/wp-content\/uploads\/2020\/07\/banhistas.jpg\" alt=\"\" class=\"wp-image-17520\" srcset=\"https:\/\/blogdorogeriogomes.com.br\/noticias\/wp-content\/uploads\/2020\/07\/banhistas.jpg 800w, https:\/\/blogdorogeriogomes.com.br\/noticias\/wp-content\/uploads\/2020\/07\/banhistas-300x169.jpg 300w, https:\/\/blogdorogeriogomes.com.br\/noticias\/wp-content\/uploads\/2020\/07\/banhistas-768x432.jpg 768w\" sizes=\"auto, (max-width: 800px) 100vw, 800px\" \/><\/figure>\n","protected":false},"excerpt":{"rendered":"<p>O funcionamento de barracas de praia em Fortaleza e na Regi\u00e3o Metropolitana est\u00e1 liberado pelo Governo do Cear\u00e1 a partir desta segunda-feira, dia 13 de julho. Mas o domingo, dia 12, j\u00e1 foi de praias lotadas nos munic\u00edpios de Aquiraz, Cascavel e Beberibe. Em Fortaleza houve movimento, mas sem funcionamento de barracas na Praia do Futuro. Os n\u00fameros da Covid-19 no Cear\u00e1 chegaram a 136.790 casos, de acordo com boletim da Secretaria da Sa\u00fade do Estado deste domingo. O&hellip;<\/p>\n","protected":false},"author":1,"featured_media":17520,"comment_status":"open","ping_status":"open","sticky":false,"template":"","format":"standard","meta":{"footnotes":""},"categories":[1],"tags":[],"class_list":["post-17519","post","type-post","status-publish","format-standard","has-post-thumbnail","hentry","category-noticias"],"_links":{"self":[{"href":"https:\/\/blogdorogeriogomes.com.br\/noticias\/wp-json\/wp\/v2\/posts\/17519","targetHints":{"allow":["GET"]}}],"collection":[{"href":"https:\/\/blogdorogeriogomes.com.br\/noticias\/wp-json\/wp\/v2\/posts"}],"about":[{"href":"https:\/\/blogdorogeriogomes.com.br\/noticias\/wp-json\/wp\/v2\/types\/post"}],"author":[{"embeddable":true,"href":"https:\/\/blogdorogeriogomes.com.br\/noticias\/wp-json\/wp\/v2\/users\/1"}],"replies":[{"embeddable":true,"href":"https:\/\/blogdorogeriogomes.com.br\/noticias\/wp-json\/wp\/v2\/comments?post=17519"}],"version-history":[{"count":2,"href":"https:\/\/blogdorogeriogomes.com.br\/noticias\/wp-json\/wp\/v2\/posts\/17519\/revisions"}],"predecessor-version":[{"id":17525,"href":"https:\/\/blogdorogeriogomes.com.br\/noticias\/wp-json\/wp\/v2\/posts\/17519\/revisions\/17525"}],"wp:featuredmedia":[{"embeddable":true,"href":"https:\/\/blogdorogeriogomes.com.br\/noticias\/wp-json\/wp\/v2\/media\/17520"}],"wp:attachment":[{"href":"https:\/\/blogdorogeriogomes.com.br\/noticias\/wp-json\/wp\/v2\/media?parent=17519"}],"wp:term":[{"taxonomy":"category","embeddable":true,"href":"https:\/\/blogdorogeriogomes.com.br\/noticias\/wp-json\/wp\/v2\/categories?post=17519"},{"taxonomy":"post_tag","embeddable":true,"href":"https:\/\/blogdorogeriogomes.com.br\/noticias\/wp-json\/wp\/v2\/tags?post=17519"}],"curies":[{"name":"wp","href":"https:\/\/api.w.org\/{rel}","templated":true}]}}