{"id":17522,"date":"2020-07-13T09:58:06","date_gmt":"2020-07-13T09:58:06","guid":{"rendered":"https:\/\/blogdorogeriogomes.com.br\/?p=17522"},"modified":"2020-07-13T14:12:27","modified_gmt":"2020-07-13T14:12:27","slug":"camara-dos-deputados-realiza-semana-de-debates-sobre-lei-das-fake-news","status":"publish","type":"post","link":"https:\/\/blogdorogeriogomes.com.br\/noticias\/2020\/07\/camara-dos-deputados-realiza-semana-de-debates-sobre-lei-das-fake-news\/","title":{"rendered":"C\u00e2mara dos Deputados realiza semana de debates sobre Lei das Fake News"},"content":{"rendered":"\n<p>A proposta de cria\u00e7\u00e3o de uma lei para punir a dissemina\u00e7\u00e3o de fake news estar\u00e1 em discuss\u00e3o durante toda esta semana na C\u00e2mara dos Deputados. Al\u00e9m da proposta aprovada pelo Senado Federal,que prop\u00f5e a Lei Brasileira de Liberdade, Responsabilidade e Transpar\u00eancia na Internet, outros 50 projetos sobre o tema tramitam na Casa.<\/p>\n\n\n\n<p>A proposta tem gerado pol\u00eamica. Enquanto alguns deputados e setores da sociedade acreditam serem necess\u00e1rias medidas urgentes para combater o financiamento de not\u00edcias falsas, especialmente em contexto eleitoral, outros acreditam que as medidas podem levar \u00e0 censura se adotadas sem mais discuss\u00f5es.<\/p>\n\n\n\n<p>Ser\u00e3o realizados debates nesta segunda-feira, dia 13, na quarta-feira, dia 15, e na sexta-feira, dia 17, com o objetivo de discutir os diversos aspectos levantados com a proposi\u00e7\u00e3o de uma legisla\u00e7\u00e3o para combater a desinforma\u00e7\u00e3o.<\/p>\n\n\n\n<figure class=\"wp-block-image size-large\"><img loading=\"lazy\" decoding=\"async\" width=\"800\" height=\"450\" src=\"https:\/\/blogdorogeriogomes.com.br\/wp-content\/uploads\/2020\/07\/Image-0-Artigo-2699039-1.jpg\" alt=\"\" class=\"wp-image-17523\" srcset=\"https:\/\/blogdorogeriogomes.com.br\/noticias\/wp-content\/uploads\/2020\/07\/Image-0-Artigo-2699039-1.jpg 800w, https:\/\/blogdorogeriogomes.com.br\/noticias\/wp-content\/uploads\/2020\/07\/Image-0-Artigo-2699039-1-300x169.jpg 300w, https:\/\/blogdorogeriogomes.com.br\/noticias\/wp-content\/uploads\/2020\/07\/Image-0-Artigo-2699039-1-768x432.jpg 768w\" sizes=\"auto, (max-width: 800px) 100vw, 800px\" \/><\/figure>\n","protected":false},"excerpt":{"rendered":"<p>A proposta de cria\u00e7\u00e3o de uma lei para punir a dissemina\u00e7\u00e3o de fake news estar\u00e1 em discuss\u00e3o durante toda esta semana na C\u00e2mara dos Deputados. Al\u00e9m da proposta aprovada pelo Senado Federal,que prop\u00f5e a Lei Brasileira de Liberdade, Responsabilidade e Transpar\u00eancia na Internet, outros 50 projetos sobre o tema tramitam na Casa. A proposta tem gerado pol\u00eamica. Enquanto alguns deputados e setores da sociedade acreditam serem necess\u00e1rias medidas urgentes para combater o financiamento de not\u00edcias falsas, especialmente em contexto&hellip;<\/p>\n","protected":false},"author":1,"featured_media":17523,"comment_status":"open","ping_status":"open","sticky":false,"template":"","format":"standard","meta":{"footnotes":""},"categories":[1],"tags":[],"class_list":["post-17522","post","type-post","status-publish","format-standard","has-post-thumbnail","hentry","category-noticias"],"_links":{"self":[{"href":"https:\/\/blogdorogeriogomes.com.br\/noticias\/wp-json\/wp\/v2\/posts\/17522","targetHints":{"allow":["GET"]}}],"collection":[{"href":"https:\/\/blogdorogeriogomes.com.br\/noticias\/wp-json\/wp\/v2\/posts"}],"about":[{"href":"https:\/\/blogdorogeriogomes.com.br\/noticias\/wp-json\/wp\/v2\/types\/post"}],"author":[{"embeddable":true,"href":"https:\/\/blogdorogeriogomes.com.br\/noticias\/wp-json\/wp\/v2\/users\/1"}],"replies":[{"embeddable":true,"href":"https:\/\/blogdorogeriogomes.com.br\/noticias\/wp-json\/wp\/v2\/comments?post=17522"}],"version-history":[{"count":1,"href":"https:\/\/blogdorogeriogomes.com.br\/noticias\/wp-json\/wp\/v2\/posts\/17522\/revisions"}],"predecessor-version":[{"id":17524,"href":"https:\/\/blogdorogeriogomes.com.br\/noticias\/wp-json\/wp\/v2\/posts\/17522\/revisions\/17524"}],"wp:featuredmedia":[{"embeddable":true,"href":"https:\/\/blogdorogeriogomes.com.br\/noticias\/wp-json\/wp\/v2\/media\/17523"}],"wp:attachment":[{"href":"https:\/\/blogdorogeriogomes.com.br\/noticias\/wp-json\/wp\/v2\/media?parent=17522"}],"wp:term":[{"taxonomy":"category","embeddable":true,"href":"https:\/\/blogdorogeriogomes.com.br\/noticias\/wp-json\/wp\/v2\/categories?post=17522"},{"taxonomy":"post_tag","embeddable":true,"href":"https:\/\/blogdorogeriogomes.com.br\/noticias\/wp-json\/wp\/v2\/tags?post=17522"}],"curies":[{"name":"wp","href":"https:\/\/api.w.org\/{rel}","templated":true}]}}