{"id":17528,"date":"2020-07-13T18:17:47","date_gmt":"2020-07-13T18:17:47","guid":{"rendered":"https:\/\/blogdorogeriogomes.com.br\/?p=17528"},"modified":"2020-07-14T13:07:23","modified_gmt":"2020-07-14T13:07:23","slug":"clima-e-tenso-entre-ala-militar-do-governo-bolsonaro-e-o-ministro-do-stf-gilmar-mendes-apos-criticas-sobre-a-conducao-do-combate-a-pandemia-com-o-envolvimento-do-exercito","status":"publish","type":"post","link":"https:\/\/blogdorogeriogomes.com.br\/noticias\/2020\/07\/clima-e-tenso-entre-ala-militar-do-governo-bolsonaro-e-o-ministro-do-stf-gilmar-mendes-apos-criticas-sobre-a-conducao-do-combate-a-pandemia-com-o-envolvimento-do-exercito\/","title":{"rendered":"Clima \u00e9 tenso entre ala militar do Governo Bolsonaro e o ministro do STF, Gilmar Mendes, ap\u00f3s cr\u00edticas sobre a condu\u00e7\u00e3o do combate \u00e0 pandemia com o envolvimento do Ex\u00e9rcito"},"content":{"rendered":"\n<p>O clima \u00e9 tenso entre a ala militar do Governo Bolsonaro e o ministro do STF, Gilmar Mendes. Os ministros militares divulgaram no in\u00edcio da tarde desta segunda-feira, dia 13 de julho, uma dura nota de rep\u00fadio contra o ministro do Supremo Tribunal Federal, Gilmar Mendes. Assinam a nota o ministro da Defesa, Fernando Azevedo, e os comandantes das tr\u00eas For\u00e7as, Edson Pujol (Ex\u00e9rcito), Ilques Barbosa (Marinha) e Antonio Carlos Moretti (Aeron\u00e1utica).&nbsp;<\/p>\n\n\n\n<p>Al\u00e9m da nota, a c\u00fapula militar anunciou que est\u00e1 entrando com uma representa\u00e7\u00e3o contra o ministro do STF na Procuradoria Geral da Rep\u00fablica (PGR), aprofundando a crise aberta no fim de semana. O rep\u00fadio deve-se ao fato de Gilmar Mendes ter afirmado no s\u00e1bado passado, que o &#8220;Ex\u00e9rcito est\u00e1 se associando ao genoc\u00eddio&#8221;. Gilmar se referia ao compromisso dos militares com o Governo Bolsonaro na pandemia de coronav\u00edrus e ocupacao militar do Minist\u00e9rio da Sa\u00fade. <\/p>\n\n\n\n<figure class=\"wp-block-image size-large\"><img loading=\"lazy\" decoding=\"async\" width=\"475\" height=\"365\" src=\"https:\/\/blogdorogeriogomes.com.br\/wp-content\/uploads\/2020\/07\/images-1-3.jpeg\" alt=\"\" class=\"wp-image-17529\" srcset=\"https:\/\/blogdorogeriogomes.com.br\/noticias\/wp-content\/uploads\/2020\/07\/images-1-3.jpeg 475w, https:\/\/blogdorogeriogomes.com.br\/noticias\/wp-content\/uploads\/2020\/07\/images-1-3-300x231.jpeg 300w, https:\/\/blogdorogeriogomes.com.br\/noticias\/wp-content\/uploads\/2020\/07\/images-1-3-180x138.jpeg 180w\" sizes=\"auto, (max-width: 475px) 100vw, 475px\" \/><\/figure>\n","protected":false},"excerpt":{"rendered":"<p>O clima \u00e9 tenso entre a ala militar do Governo Bolsonaro e o ministro do STF, Gilmar Mendes. Os ministros militares divulgaram no in\u00edcio da tarde desta segunda-feira, dia 13 de julho, uma dura nota de rep\u00fadio contra o ministro do Supremo Tribunal Federal, Gilmar Mendes. Assinam a nota o ministro da Defesa, Fernando Azevedo, e os comandantes das tr\u00eas For\u00e7as, Edson Pujol (Ex\u00e9rcito), Ilques Barbosa (Marinha) e Antonio Carlos Moretti (Aeron\u00e1utica).&nbsp; Al\u00e9m da nota, a c\u00fapula militar anunciou&hellip;<\/p>\n","protected":false},"author":1,"featured_media":17529,"comment_status":"open","ping_status":"open","sticky":false,"template":"","format":"standard","meta":{"footnotes":""},"categories":[1],"tags":[],"class_list":["post-17528","post","type-post","status-publish","format-standard","has-post-thumbnail","hentry","category-noticias"],"_links":{"self":[{"href":"https:\/\/blogdorogeriogomes.com.br\/noticias\/wp-json\/wp\/v2\/posts\/17528","targetHints":{"allow":["GET"]}}],"collection":[{"href":"https:\/\/blogdorogeriogomes.com.br\/noticias\/wp-json\/wp\/v2\/posts"}],"about":[{"href":"https:\/\/blogdorogeriogomes.com.br\/noticias\/wp-json\/wp\/v2\/types\/post"}],"author":[{"embeddable":true,"href":"https:\/\/blogdorogeriogomes.com.br\/noticias\/wp-json\/wp\/v2\/users\/1"}],"replies":[{"embeddable":true,"href":"https:\/\/blogdorogeriogomes.com.br\/noticias\/wp-json\/wp\/v2\/comments?post=17528"}],"version-history":[{"count":2,"href":"https:\/\/blogdorogeriogomes.com.br\/noticias\/wp-json\/wp\/v2\/posts\/17528\/revisions"}],"predecessor-version":[{"id":17542,"href":"https:\/\/blogdorogeriogomes.com.br\/noticias\/wp-json\/wp\/v2\/posts\/17528\/revisions\/17542"}],"wp:featuredmedia":[{"embeddable":true,"href":"https:\/\/blogdorogeriogomes.com.br\/noticias\/wp-json\/wp\/v2\/media\/17529"}],"wp:attachment":[{"href":"https:\/\/blogdorogeriogomes.com.br\/noticias\/wp-json\/wp\/v2\/media?parent=17528"}],"wp:term":[{"taxonomy":"category","embeddable":true,"href":"https:\/\/blogdorogeriogomes.com.br\/noticias\/wp-json\/wp\/v2\/categories?post=17528"},{"taxonomy":"post_tag","embeddable":true,"href":"https:\/\/blogdorogeriogomes.com.br\/noticias\/wp-json\/wp\/v2\/tags?post=17528"}],"curies":[{"name":"wp","href":"https:\/\/api.w.org\/{rel}","templated":true}]}}