{"id":17531,"date":"2020-07-13T23:37:46","date_gmt":"2020-07-13T23:37:46","guid":{"rendered":"https:\/\/blogdorogeriogomes.com.br\/?p=17531"},"modified":"2020-07-14T13:07:14","modified_gmt":"2020-07-14T13:07:14","slug":"governo-bolsonaro-exonera-responsavel-por-monitorar-o-desmatamento-da-amazonia-no-inpe","status":"publish","type":"post","link":"https:\/\/blogdorogeriogomes.com.br\/noticias\/2020\/07\/governo-bolsonaro-exonera-responsavel-por-monitorar-o-desmatamento-da-amazonia-no-inpe\/","title":{"rendered":"Governo Bolsonaro exonera respons\u00e1vel por monitorar o desmatamento da Amaz\u00f4nia no Inpe"},"content":{"rendered":"\n<p>O Brasil vem recebendo cr\u00edticas de v\u00e1rios organismos internacionais pelos altos \u00edndices de desmatamento e queimadas na Amaz\u00f4nia. Investidores internacionais j\u00e1 informaram formalmente o Governo Brasileiro que n\u00e3o v\u00e3o aportar nenhum recurso no Pa\u00eds se nenhuma provid\u00eancia concreta seja tomada. O agroneg\u00f3cio brasileiro j\u00e1 come\u00e7a a sentir o reflexo com o boicote a produtos nacionais no mercado internacional.<\/p>\n\n\n\n<p>Por outro lado, o Governo Bolsonaro continua a manter a estrat\u00e9gia destrutiva dos ministros do Meio Ambiente, Ricardo Salles, e das Rela\u00e7\u00f5es Exteriores, Ernesto Ara\u00fajo, que s\u00f3 isolam cada vez mais o Brasil das rela\u00e7\u00f5es comerciais com os principais centros importadores.<\/p>\n\n\n\n<p>E o que \u00e9 pior. O Governo Brasileiro continua a apostar no negacionismo dos \u00edndices de desmatamento na Amaz\u00f4nia, j\u00e1 alertados por organismos cient\u00edficos de todo o mundo. At\u00e9 mesmo aqui do Pa\u00eds. Nesta segunda-feira, dia 13 de julho, foi exonerada a pesquisadora respons\u00e1vel pelo trabalho de monitoramento da devasta\u00e7\u00e3o florestal no Instituto Nacional de Pesquisas Espaciais (Inpe).<\/p>\n\n\n\n<p>Lubia Vinhas ocupava o cargo de coordenadora-geral de Observa\u00e7\u00e3o da Terra do Inpe, departamento respons\u00e1vel pelos sistemas Deter e Prodes, que acompanham o desmatamento da Amaz\u00f4nia. A exonera\u00e7\u00e3o foi publicada no Di\u00e1rio Oficial e assinada pelo ministro Marcos Pontes, da Ci\u00eancia e Tecnologia, pasta \u00e0 qual \u00e9 vinculada o Inpe. O motivo ainda n\u00e3o foi esclarecido. O Inpe vem alertando o Governo Federal h\u00e1 meses sobre o aumento de queimadas e desmatamento promovido por madeireiros na Amaz\u00f4nia e os efeitos mal\u00e9ficos para o meio ambiente.<\/p>\n\n\n\n<figure class=\"wp-block-image size-large\"><img loading=\"lazy\" decoding=\"async\" width=\"450\" height=\"337\" src=\"https:\/\/blogdorogeriogomes.com.br\/wp-content\/uploads\/2020\/07\/o-desmatamento-e-as-mudancas-climaticas-podem-afetar-a-regeneracao-das-areas-afetadas-pelo-fogo-1567003366161_v2_450x337.jpg\" alt=\"\" class=\"wp-image-17532\" srcset=\"https:\/\/blogdorogeriogomes.com.br\/noticias\/wp-content\/uploads\/2020\/07\/o-desmatamento-e-as-mudancas-climaticas-podem-afetar-a-regeneracao-das-areas-afetadas-pelo-fogo-1567003366161_v2_450x337.jpg 450w, https:\/\/blogdorogeriogomes.com.br\/noticias\/wp-content\/uploads\/2020\/07\/o-desmatamento-e-as-mudancas-climaticas-podem-afetar-a-regeneracao-das-areas-afetadas-pelo-fogo-1567003366161_v2_450x337-300x225.jpg 300w, https:\/\/blogdorogeriogomes.com.br\/noticias\/wp-content\/uploads\/2020\/07\/o-desmatamento-e-as-mudancas-climaticas-podem-afetar-a-regeneracao-das-areas-afetadas-pelo-fogo-1567003366161_v2_450x337-400x300.jpg 400w\" sizes=\"auto, (max-width: 450px) 100vw, 450px\" \/><\/figure>\n\n\n\n<p><\/p>\n","protected":false},"excerpt":{"rendered":"<p>O Brasil vem recebendo cr\u00edticas de v\u00e1rios organismos internacionais pelos altos \u00edndices de desmatamento e queimadas na Amaz\u00f4nia. Investidores internacionais j\u00e1 informaram formalmente o Governo Brasileiro que n\u00e3o v\u00e3o aportar nenhum recurso no Pa\u00eds se nenhuma provid\u00eancia concreta seja tomada. O agroneg\u00f3cio brasileiro j\u00e1 come\u00e7a a sentir o reflexo com o boicote a produtos nacionais no mercado internacional. Por outro lado, o Governo Bolsonaro continua a manter a estrat\u00e9gia destrutiva dos ministros do Meio Ambiente, Ricardo Salles, e das&hellip;<\/p>\n","protected":false},"author":1,"featured_media":17532,"comment_status":"open","ping_status":"open","sticky":false,"template":"","format":"standard","meta":{"footnotes":""},"categories":[1],"tags":[],"class_list":["post-17531","post","type-post","status-publish","format-standard","has-post-thumbnail","hentry","category-noticias"],"_links":{"self":[{"href":"https:\/\/blogdorogeriogomes.com.br\/noticias\/wp-json\/wp\/v2\/posts\/17531","targetHints":{"allow":["GET"]}}],"collection":[{"href":"https:\/\/blogdorogeriogomes.com.br\/noticias\/wp-json\/wp\/v2\/posts"}],"about":[{"href":"https:\/\/blogdorogeriogomes.com.br\/noticias\/wp-json\/wp\/v2\/types\/post"}],"author":[{"embeddable":true,"href":"https:\/\/blogdorogeriogomes.com.br\/noticias\/wp-json\/wp\/v2\/users\/1"}],"replies":[{"embeddable":true,"href":"https:\/\/blogdorogeriogomes.com.br\/noticias\/wp-json\/wp\/v2\/comments?post=17531"}],"version-history":[{"count":1,"href":"https:\/\/blogdorogeriogomes.com.br\/noticias\/wp-json\/wp\/v2\/posts\/17531\/revisions"}],"predecessor-version":[{"id":17533,"href":"https:\/\/blogdorogeriogomes.com.br\/noticias\/wp-json\/wp\/v2\/posts\/17531\/revisions\/17533"}],"wp:featuredmedia":[{"embeddable":true,"href":"https:\/\/blogdorogeriogomes.com.br\/noticias\/wp-json\/wp\/v2\/media\/17532"}],"wp:attachment":[{"href":"https:\/\/blogdorogeriogomes.com.br\/noticias\/wp-json\/wp\/v2\/media?parent=17531"}],"wp:term":[{"taxonomy":"category","embeddable":true,"href":"https:\/\/blogdorogeriogomes.com.br\/noticias\/wp-json\/wp\/v2\/categories?post=17531"},{"taxonomy":"post_tag","embeddable":true,"href":"https:\/\/blogdorogeriogomes.com.br\/noticias\/wp-json\/wp\/v2\/tags?post=17531"}],"curies":[{"name":"wp","href":"https:\/\/api.w.org\/{rel}","templated":true}]}}