{"id":17537,"date":"2020-07-14T09:44:58","date_gmt":"2020-07-14T09:44:58","guid":{"rendered":"https:\/\/blogdorogeriogomes.com.br\/?p=17537"},"modified":"2020-07-14T13:06:56","modified_gmt":"2020-07-14T13:06:56","slug":"roberto-claudio-deve-anunciar-plano-de-incentivo-a-economia-municipal-nesta-quarta-feira","status":"publish","type":"post","link":"https:\/\/blogdorogeriogomes.com.br\/noticias\/2020\/07\/roberto-claudio-deve-anunciar-plano-de-incentivo-a-economia-municipal-nesta-quarta-feira\/","title":{"rendered":"Roberto Cl\u00e1udio deve anunciar plano de incentivo a economia municipal nesta quarta-feira"},"content":{"rendered":"\n<p>Em busca de incentivar uma retomada do setor da economia em Fortaleza, o prefeito Roberto Cl\u00e1udio deve anunciar nesta quarta-feira, dia 15 de julho, um pacote e de medidas para o setor. \u201cA preocupa\u00e7\u00e3o mais reivindicada pelos empreendedores \u00e9 apoio fiscal com os d\u00e9bitos junto ao munic\u00edpio. O munic\u00edpio vai lan\u00e7ar a\u00e7\u00f5es para apoiar fiscalmente essa retomada, negociando d\u00edvidas tribut\u00e1rias e d\u00e9bitos fiscais, parcelar, reduzir multas e juros, entre outras medidas\u201d, explicou. Outras a\u00e7\u00f5es citadas incluem a retomada das feiras com protocolos sanit\u00e1rios garantidos e est\u00edmulos e pol\u00edticas para que a volta seja mais \u00e1gil, melhorando a vida do trabalhador da comunidade.<\/p>\n\n\n\n<p>Segundo representantes de entidades empresariais do com\u00e9rcio, alimenta\u00e7\u00e3o fora de casa e constru\u00e7\u00e3o civil, toda ajuda \u00e9 v\u00e1lida. Empres\u00e1rios aguardam flexibiliza\u00e7\u00e3o de d\u00edvidas do IPTU, ISS e da cobran\u00e7a de alvar\u00e1s em Fortaleza.<\/p>\n\n\n\n<figure class=\"wp-block-image size-large\"><img loading=\"lazy\" decoding=\"async\" width=\"723\" height=\"424\" src=\"https:\/\/blogdorogeriogomes.com.br\/wp-content\/uploads\/2020\/07\/images-1-4.jpeg\" alt=\"\" class=\"wp-image-17538\" srcset=\"https:\/\/blogdorogeriogomes.com.br\/noticias\/wp-content\/uploads\/2020\/07\/images-1-4.jpeg 723w, https:\/\/blogdorogeriogomes.com.br\/noticias\/wp-content\/uploads\/2020\/07\/images-1-4-300x176.jpeg 300w\" sizes=\"auto, (max-width: 723px) 100vw, 723px\" \/><\/figure>\n","protected":false},"excerpt":{"rendered":"<p>Em busca de incentivar uma retomada do setor da economia em Fortaleza, o prefeito Roberto Cl\u00e1udio deve anunciar nesta quarta-feira, dia 15 de julho, um pacote e de medidas para o setor. \u201cA preocupa\u00e7\u00e3o mais reivindicada pelos empreendedores \u00e9 apoio fiscal com os d\u00e9bitos junto ao munic\u00edpio. O munic\u00edpio vai lan\u00e7ar a\u00e7\u00f5es para apoiar fiscalmente essa retomada, negociando d\u00edvidas tribut\u00e1rias e d\u00e9bitos fiscais, parcelar, reduzir multas e juros, entre outras medidas\u201d, explicou. Outras a\u00e7\u00f5es citadas incluem a retomada das&hellip;<\/p>\n","protected":false},"author":1,"featured_media":17538,"comment_status":"open","ping_status":"open","sticky":false,"template":"","format":"standard","meta":{"footnotes":""},"categories":[1],"tags":[],"class_list":["post-17537","post","type-post","status-publish","format-standard","has-post-thumbnail","hentry","category-noticias"],"_links":{"self":[{"href":"https:\/\/blogdorogeriogomes.com.br\/noticias\/wp-json\/wp\/v2\/posts\/17537","targetHints":{"allow":["GET"]}}],"collection":[{"href":"https:\/\/blogdorogeriogomes.com.br\/noticias\/wp-json\/wp\/v2\/posts"}],"about":[{"href":"https:\/\/blogdorogeriogomes.com.br\/noticias\/wp-json\/wp\/v2\/types\/post"}],"author":[{"embeddable":true,"href":"https:\/\/blogdorogeriogomes.com.br\/noticias\/wp-json\/wp\/v2\/users\/1"}],"replies":[{"embeddable":true,"href":"https:\/\/blogdorogeriogomes.com.br\/noticias\/wp-json\/wp\/v2\/comments?post=17537"}],"version-history":[{"count":1,"href":"https:\/\/blogdorogeriogomes.com.br\/noticias\/wp-json\/wp\/v2\/posts\/17537\/revisions"}],"predecessor-version":[{"id":17539,"href":"https:\/\/blogdorogeriogomes.com.br\/noticias\/wp-json\/wp\/v2\/posts\/17537\/revisions\/17539"}],"wp:featuredmedia":[{"embeddable":true,"href":"https:\/\/blogdorogeriogomes.com.br\/noticias\/wp-json\/wp\/v2\/media\/17538"}],"wp:attachment":[{"href":"https:\/\/blogdorogeriogomes.com.br\/noticias\/wp-json\/wp\/v2\/media?parent=17537"}],"wp:term":[{"taxonomy":"category","embeddable":true,"href":"https:\/\/blogdorogeriogomes.com.br\/noticias\/wp-json\/wp\/v2\/categories?post=17537"},{"taxonomy":"post_tag","embeddable":true,"href":"https:\/\/blogdorogeriogomes.com.br\/noticias\/wp-json\/wp\/v2\/tags?post=17537"}],"curies":[{"name":"wp","href":"https:\/\/api.w.org\/{rel}","templated":true}]}}