{"id":17547,"date":"2020-07-14T23:21:01","date_gmt":"2020-07-14T23:21:01","guid":{"rendered":"https:\/\/blogdorogeriogomes.com.br\/?p=17547"},"modified":"2020-07-15T14:43:15","modified_gmt":"2020-07-15T14:43:15","slug":"ministro-gilmar-mendes-volta-a-criticar-ineficacia-de-militares-a-frente-da-saude-no-combate-a-pandemia-da-covid-19","status":"publish","type":"post","link":"https:\/\/blogdorogeriogomes.com.br\/noticias\/2020\/07\/ministro-gilmar-mendes-volta-a-criticar-ineficacia-de-militares-a-frente-da-saude-no-combate-a-pandemia-da-covid-19\/","title":{"rendered":"Ministro Gilmar Mendes n\u00e3o recua e volta a criticar inefic\u00e1cia de militares \u00e0 frente da Sa\u00fade no combate a pandemia da Covid-19"},"content":{"rendered":"\n<p>O ministro Gilmar Mendes, do STF, voltou a criticar, nesta ter\u00e7a-feira, dia 14 de julho, o envolvimento das For\u00e7as Armadas na gest\u00e3o da sa\u00fade p\u00fablica do pa\u00eds. Desde que assumiu o comando do Minist\u00e9rio da Sa\u00fade como interino, o General Eduardo Pazzuelo  encheu a pasta de militares em substitui\u00e7\u00e3o a t\u00e9cnicos e m\u00e9dicos na elabora\u00e7\u00e3o de pol\u00edticas p\u00fablicas no enfrentamento \u00e0 pandemia do coronav\u00edrus. A troca resultou em um desastre na condu\u00e7\u00e3o do combate \u00e0 Covid-19. E as cr\u00edticas v\u00eam de todos os lados diante da inefic\u00e1cia do Minist\u00e9rio. N\u00e3o \u00e9 a toa que, ap\u00f3s as cr\u00edticas de Gilmar Mendes, cresceu a press\u00e3o no Planalto para que o General Pazzuelo deixe a interinidade da pasta e retorne \u00e0s suas fun\u00e7\u00f5es no Ex\u00e9rcito.<\/p>\n\n\n\n<p>Apesar da rea\u00e7\u00e3o do Governo Federal \u00e0s cr\u00edticas de Gilmar Mendes, o ministro do STF n\u00e3o recuou sobre a declara\u00e7\u00e3o de que o Ex\u00e9rcito pode estar se associando a um genoc\u00eddio por ter integrantes nos principais cargos do Minist\u00e9rio da Sa\u00fade durante a pandemia do novo coronav\u00edrus.<\/p>\n\n\n\n<p>Enquanto isso, o Brasil teve contabilizadas nas \u00faltimas 24 horas 1.341 novas mortes provocadas pelo novo coronav\u00edrus, segundo levantamento do cons\u00f3rcio de ve\u00edculos de imprensa, nesta ter\u00e7a-feira, dia 14 de julho. Foi o dia com maior registro de \u00f3bitos em tr\u00eas semanas. O total de v\u00edtimas da Covid-19 chegou agora a 74.262 em todo o pa\u00eds. Tamb\u00e9m foram contabilizados de ontem para hoje mais 43.245 casos da doen\u00e7a, o que faz o acumulado de infectados chegar a 1.931.204.<\/p>\n\n\n\n<figure class=\"wp-block-image size-large\"><img loading=\"lazy\" decoding=\"async\" width=\"679\" height=\"452\" src=\"https:\/\/blogdorogeriogomes.com.br\/wp-content\/uploads\/2020\/07\/images-3-2.jpeg\" alt=\"\" class=\"wp-image-17548\" srcset=\"https:\/\/blogdorogeriogomes.com.br\/noticias\/wp-content\/uploads\/2020\/07\/images-3-2.jpeg 679w, https:\/\/blogdorogeriogomes.com.br\/noticias\/wp-content\/uploads\/2020\/07\/images-3-2-300x200.jpeg 300w\" sizes=\"auto, (max-width: 679px) 100vw, 679px\" \/><\/figure>\n","protected":false},"excerpt":{"rendered":"<p>O ministro Gilmar Mendes, do STF, voltou a criticar, nesta ter\u00e7a-feira, dia 14 de julho, o envolvimento das For\u00e7as Armadas na gest\u00e3o da sa\u00fade p\u00fablica do pa\u00eds. Desde que assumiu o comando do Minist\u00e9rio da Sa\u00fade como interino, o General Eduardo Pazzuelo encheu a pasta de militares em substitui\u00e7\u00e3o a t\u00e9cnicos e m\u00e9dicos na elabora\u00e7\u00e3o de pol\u00edticas p\u00fablicas no enfrentamento \u00e0 pandemia do coronav\u00edrus. A troca resultou em um desastre na condu\u00e7\u00e3o do combate \u00e0 Covid-19. E as cr\u00edticas&hellip;<\/p>\n","protected":false},"author":1,"featured_media":17548,"comment_status":"open","ping_status":"open","sticky":false,"template":"","format":"standard","meta":{"footnotes":""},"categories":[1],"tags":[],"class_list":["post-17547","post","type-post","status-publish","format-standard","has-post-thumbnail","hentry","category-noticias"],"_links":{"self":[{"href":"https:\/\/blogdorogeriogomes.com.br\/noticias\/wp-json\/wp\/v2\/posts\/17547","targetHints":{"allow":["GET"]}}],"collection":[{"href":"https:\/\/blogdorogeriogomes.com.br\/noticias\/wp-json\/wp\/v2\/posts"}],"about":[{"href":"https:\/\/blogdorogeriogomes.com.br\/noticias\/wp-json\/wp\/v2\/types\/post"}],"author":[{"embeddable":true,"href":"https:\/\/blogdorogeriogomes.com.br\/noticias\/wp-json\/wp\/v2\/users\/1"}],"replies":[{"embeddable":true,"href":"https:\/\/blogdorogeriogomes.com.br\/noticias\/wp-json\/wp\/v2\/comments?post=17547"}],"version-history":[{"count":2,"href":"https:\/\/blogdorogeriogomes.com.br\/noticias\/wp-json\/wp\/v2\/posts\/17547\/revisions"}],"predecessor-version":[{"id":17550,"href":"https:\/\/blogdorogeriogomes.com.br\/noticias\/wp-json\/wp\/v2\/posts\/17547\/revisions\/17550"}],"wp:featuredmedia":[{"embeddable":true,"href":"https:\/\/blogdorogeriogomes.com.br\/noticias\/wp-json\/wp\/v2\/media\/17548"}],"wp:attachment":[{"href":"https:\/\/blogdorogeriogomes.com.br\/noticias\/wp-json\/wp\/v2\/media?parent=17547"}],"wp:term":[{"taxonomy":"category","embeddable":true,"href":"https:\/\/blogdorogeriogomes.com.br\/noticias\/wp-json\/wp\/v2\/categories?post=17547"},{"taxonomy":"post_tag","embeddable":true,"href":"https:\/\/blogdorogeriogomes.com.br\/noticias\/wp-json\/wp\/v2\/tags?post=17547"}],"curies":[{"name":"wp","href":"https:\/\/api.w.org\/{rel}","templated":true}]}}