{"id":17551,"date":"2020-07-15T09:26:03","date_gmt":"2020-07-15T09:26:03","guid":{"rendered":"https:\/\/blogdorogeriogomes.com.br\/?p=17551"},"modified":"2020-07-15T14:43:01","modified_gmt":"2020-07-15T14:43:01","slug":"apesar-da-reabertura-gradual-setor-de-bares-e-restaurantes-teme-mais-demissoes-e-fechamento-de-negocios","status":"publish","type":"post","link":"https:\/\/blogdorogeriogomes.com.br\/noticias\/2020\/07\/apesar-da-reabertura-gradual-setor-de-bares-e-restaurantes-teme-mais-demissoes-e-fechamento-de-negocios\/","title":{"rendered":"Apesar da reabertura gradual, setor de bares e restaurantes teme mais demiss\u00f5es e fechamento de neg\u00f3cios"},"content":{"rendered":"\n<p>Apesar do retorno das atividades dos restaurantes e barracas de praia em Fortaleza no hor\u00e1rio do almo\u00e7o dentro da Fase 3 do plano de retomada econ\u00f4mica em Fortaleza, o setor est\u00e1 preocupado com as casas que n\u00e3o ter\u00e3o mais condi\u00e7\u00f5es de funcionar e com a necessidade de novas demiss\u00f5es. Os bares, por exemplo, ainda n\u00e3o foram autorizados a funcionar \u00e0 noite e, muitos deles, n\u00e3o conseguir\u00e3o mais reabrir.<\/p>\n\n\n\n<p>\u201cMuitos empreendedores j\u00e1 est\u00e3o reduzindo seus quadros ou v\u00e3o reduzir em 20% a 30%. Essa \u00e9 uma estimativa gentil. Estamos trabalhando com apenas metade da nossa capacidade e, por muito tempo, n\u00e3o teremos demanda que justifique a quantidade de funcion\u00e1rios anterior \u00e0 pandemia. Se eu tenho quatro gar\u00e7ons, mas s\u00f3 preciso de dois, vou ter que demitir, at\u00e9 porque o faturamento ainda est\u00e1 baixo, n\u00e3o conseguimos pagar todo mundo\u201d, afirma presidente da Associa\u00e7\u00e3o Brasileira de Bares e Restaurantes no Cear\u00e1 (Abrasel), Rodolphe Trindade.<\/p>\n\n\n\n<p>J\u00e1 o Sindicato de Restaurantes, Bares, Barracas de Praia, Buffets e Similares do Estado do Cear\u00e1 (Sindirest-CE) prev\u00ea o fechamento de 30% dos estabelecimentos devido \u00e0 pandemia da Covid-19.<\/p>\n\n\n\n<figure class=\"wp-block-image size-large\"><img loading=\"lazy\" decoding=\"async\" width=\"1024\" height=\"575\" src=\"https:\/\/blogdorogeriogomes.com.br\/wp-content\/uploads\/2020\/07\/restaurante-pandemia-1024x575.jpeg\" alt=\"\" class=\"wp-image-17552\" srcset=\"https:\/\/blogdorogeriogomes.com.br\/noticias\/wp-content\/uploads\/2020\/07\/restaurante-pandemia-1024x575.jpeg 1024w, https:\/\/blogdorogeriogomes.com.br\/noticias\/wp-content\/uploads\/2020\/07\/restaurante-pandemia-300x169.jpeg 300w, https:\/\/blogdorogeriogomes.com.br\/noticias\/wp-content\/uploads\/2020\/07\/restaurante-pandemia-768x431.jpeg 768w, https:\/\/blogdorogeriogomes.com.br\/noticias\/wp-content\/uploads\/2020\/07\/restaurante-pandemia-800x449.jpeg 800w, https:\/\/blogdorogeriogomes.com.br\/noticias\/wp-content\/uploads\/2020\/07\/restaurante-pandemia.jpeg 1246w\" sizes=\"auto, (max-width: 1024px) 100vw, 1024px\" \/><\/figure>\n","protected":false},"excerpt":{"rendered":"<p>Apesar do retorno das atividades dos restaurantes e barracas de praia em Fortaleza no hor\u00e1rio do almo\u00e7o dentro da Fase 3 do plano de retomada econ\u00f4mica em Fortaleza, o setor est\u00e1 preocupado com as casas que n\u00e3o ter\u00e3o mais condi\u00e7\u00f5es de funcionar e com a necessidade de novas demiss\u00f5es. Os bares, por exemplo, ainda n\u00e3o foram autorizados a funcionar \u00e0 noite e, muitos deles, n\u00e3o conseguir\u00e3o mais reabrir. \u201cMuitos empreendedores j\u00e1 est\u00e3o reduzindo seus quadros ou v\u00e3o reduzir em&hellip;<\/p>\n","protected":false},"author":1,"featured_media":17552,"comment_status":"open","ping_status":"open","sticky":false,"template":"","format":"standard","meta":{"footnotes":""},"categories":[1],"tags":[],"class_list":["post-17551","post","type-post","status-publish","format-standard","has-post-thumbnail","hentry","category-noticias"],"_links":{"self":[{"href":"https:\/\/blogdorogeriogomes.com.br\/noticias\/wp-json\/wp\/v2\/posts\/17551","targetHints":{"allow":["GET"]}}],"collection":[{"href":"https:\/\/blogdorogeriogomes.com.br\/noticias\/wp-json\/wp\/v2\/posts"}],"about":[{"href":"https:\/\/blogdorogeriogomes.com.br\/noticias\/wp-json\/wp\/v2\/types\/post"}],"author":[{"embeddable":true,"href":"https:\/\/blogdorogeriogomes.com.br\/noticias\/wp-json\/wp\/v2\/users\/1"}],"replies":[{"embeddable":true,"href":"https:\/\/blogdorogeriogomes.com.br\/noticias\/wp-json\/wp\/v2\/comments?post=17551"}],"version-history":[{"count":1,"href":"https:\/\/blogdorogeriogomes.com.br\/noticias\/wp-json\/wp\/v2\/posts\/17551\/revisions"}],"predecessor-version":[{"id":17553,"href":"https:\/\/blogdorogeriogomes.com.br\/noticias\/wp-json\/wp\/v2\/posts\/17551\/revisions\/17553"}],"wp:featuredmedia":[{"embeddable":true,"href":"https:\/\/blogdorogeriogomes.com.br\/noticias\/wp-json\/wp\/v2\/media\/17552"}],"wp:attachment":[{"href":"https:\/\/blogdorogeriogomes.com.br\/noticias\/wp-json\/wp\/v2\/media?parent=17551"}],"wp:term":[{"taxonomy":"category","embeddable":true,"href":"https:\/\/blogdorogeriogomes.com.br\/noticias\/wp-json\/wp\/v2\/categories?post=17551"},{"taxonomy":"post_tag","embeddable":true,"href":"https:\/\/blogdorogeriogomes.com.br\/noticias\/wp-json\/wp\/v2\/tags?post=17551"}],"curies":[{"name":"wp","href":"https:\/\/api.w.org\/{rel}","templated":true}]}}