{"id":17554,"date":"2020-07-15T09:49:41","date_gmt":"2020-07-15T09:49:41","guid":{"rendered":"https:\/\/blogdorogeriogomes.com.br\/?p=17554"},"modified":"2020-07-15T14:42:49","modified_gmt":"2020-07-15T14:42:49","slug":"pf-avanca-com-investigacao-sobre-contas-falsas-ligadas-ao-cla-bolsonaro-e-que-foram-apagadas-pelo-facebook","status":"publish","type":"post","link":"https:\/\/blogdorogeriogomes.com.br\/noticias\/2020\/07\/pf-avanca-com-investigacao-sobre-contas-falsas-ligadas-ao-cla-bolsonaro-e-que-foram-apagadas-pelo-facebook\/","title":{"rendered":"PF avan\u00e7a com investiga\u00e7\u00e3o sobre contas falsas ligadas ao cl\u00e3 bolsonaro e que foram apagadas pelo Facebook"},"content":{"rendered":"\n<p>As investiga\u00e7\u00f5es da Pol\u00edcia Federal sobre contas falsas ligadas ao cl\u00e3 bolsonaro e exclu\u00eddas pelo Facebook devem avan\u00e7ar. A situa\u00e7\u00e3o de integrantes do gabinete do presidente Jair Bolsonaro, de seus filhos e aliados pode se agravar, porque a PF est\u00e1 solicitando acesso a todos os dados da investiga\u00e7\u00e3o privada realizada pela empresa. O pedido foi feito no inqu\u00e9rito que apura o financiamento dos atos antidemocr\u00e1ticos, cuja relatoria \u00e9 do ministro Alexandre de Moraes, do STF. A apura\u00e7\u00e3o da rede social ligou um assessor do Planalto a ataques contra opositores de Bolsonaro.<\/p>\n\n\n\n<p>A PF argumenta no pedido que a determina\u00e7\u00e3o \u00e0 rede social deve ocorrer de maneira urgente, para que as pessoas envolvidas com as contas removidas n\u00e3o tenham tempo de se desfazer dos dados.<\/p>\n\n\n\n<figure class=\"wp-block-image size-large\"><img loading=\"lazy\" decoding=\"async\" width=\"679\" height=\"452\" src=\"https:\/\/blogdorogeriogomes.com.br\/wp-content\/uploads\/2020\/07\/images-4-3.jpeg\" alt=\"\" class=\"wp-image-17555\" srcset=\"https:\/\/blogdorogeriogomes.com.br\/noticias\/wp-content\/uploads\/2020\/07\/images-4-3.jpeg 679w, https:\/\/blogdorogeriogomes.com.br\/noticias\/wp-content\/uploads\/2020\/07\/images-4-3-300x200.jpeg 300w\" sizes=\"auto, (max-width: 679px) 100vw, 679px\" \/><\/figure>\n","protected":false},"excerpt":{"rendered":"<p>As investiga\u00e7\u00f5es da Pol\u00edcia Federal sobre contas falsas ligadas ao cl\u00e3 bolsonaro e exclu\u00eddas pelo Facebook devem avan\u00e7ar. A situa\u00e7\u00e3o de integrantes do gabinete do presidente Jair Bolsonaro, de seus filhos e aliados pode se agravar, porque a PF est\u00e1 solicitando acesso a todos os dados da investiga\u00e7\u00e3o privada realizada pela empresa. O pedido foi feito no inqu\u00e9rito que apura o financiamento dos atos antidemocr\u00e1ticos, cuja relatoria \u00e9 do ministro Alexandre de Moraes, do STF. A apura\u00e7\u00e3o da rede&hellip;<\/p>\n","protected":false},"author":1,"featured_media":17555,"comment_status":"open","ping_status":"open","sticky":false,"template":"","format":"standard","meta":{"footnotes":""},"categories":[1],"tags":[],"class_list":["post-17554","post","type-post","status-publish","format-standard","has-post-thumbnail","hentry","category-noticias"],"_links":{"self":[{"href":"https:\/\/blogdorogeriogomes.com.br\/noticias\/wp-json\/wp\/v2\/posts\/17554","targetHints":{"allow":["GET"]}}],"collection":[{"href":"https:\/\/blogdorogeriogomes.com.br\/noticias\/wp-json\/wp\/v2\/posts"}],"about":[{"href":"https:\/\/blogdorogeriogomes.com.br\/noticias\/wp-json\/wp\/v2\/types\/post"}],"author":[{"embeddable":true,"href":"https:\/\/blogdorogeriogomes.com.br\/noticias\/wp-json\/wp\/v2\/users\/1"}],"replies":[{"embeddable":true,"href":"https:\/\/blogdorogeriogomes.com.br\/noticias\/wp-json\/wp\/v2\/comments?post=17554"}],"version-history":[{"count":1,"href":"https:\/\/blogdorogeriogomes.com.br\/noticias\/wp-json\/wp\/v2\/posts\/17554\/revisions"}],"predecessor-version":[{"id":17556,"href":"https:\/\/blogdorogeriogomes.com.br\/noticias\/wp-json\/wp\/v2\/posts\/17554\/revisions\/17556"}],"wp:featuredmedia":[{"embeddable":true,"href":"https:\/\/blogdorogeriogomes.com.br\/noticias\/wp-json\/wp\/v2\/media\/17555"}],"wp:attachment":[{"href":"https:\/\/blogdorogeriogomes.com.br\/noticias\/wp-json\/wp\/v2\/media?parent=17554"}],"wp:term":[{"taxonomy":"category","embeddable":true,"href":"https:\/\/blogdorogeriogomes.com.br\/noticias\/wp-json\/wp\/v2\/categories?post=17554"},{"taxonomy":"post_tag","embeddable":true,"href":"https:\/\/blogdorogeriogomes.com.br\/noticias\/wp-json\/wp\/v2\/tags?post=17554"}],"curies":[{"name":"wp","href":"https:\/\/api.w.org\/{rel}","templated":true}]}}