{"id":17557,"date":"2020-07-15T16:15:02","date_gmt":"2020-07-15T16:15:02","guid":{"rendered":"https:\/\/blogdorogeriogomes.com.br\/?p=17557"},"modified":"2020-07-17T11:14:52","modified_gmt":"2020-07-17T11:14:52","slug":"camilo-santana-descarta-volta-das-aulas-presenciais-bares-academias-e-cinemas-na-fase-4-em-fortaleza","status":"publish","type":"post","link":"https:\/\/blogdorogeriogomes.com.br\/noticias\/2020\/07\/camilo-santana-descarta-volta-das-aulas-presenciais-bares-academias-e-cinemas-na-fase-4-em-fortaleza\/","title":{"rendered":"Camilo Santana descarta volta das aulas presenciais, bares, academias e cinemas na Fase 4 em Fortaleza"},"content":{"rendered":"\n<p>O governador do Cear\u00e1, Camilo Santana, descartou nesta quarta-feira, dia 15 de julho, o retorno de cinco setores que n\u00e3o ser\u00e3o inclu\u00eddos na Fase 4 do plano de retomada da economia em Fortaleza, com previs\u00e3o para come\u00e7ar na pr\u00f3xima segunda-feira, dia 20 de julho. Est\u00e3o fora da plano a volta das aulas presenciais, cinemas, bares, academias e realiza\u00e7\u00e3o de shows. Os restaurantes, no entanto, poder\u00e3o retomar atividades \u00e0 noite com a edi\u00e7\u00e3o do novo decreto, que dever\u00e1 acontecer at\u00e9 o fim da semana.<\/p>\n\n\n\n<p>Segundo a Secretaria de Sa\u00fade do Estado, o Cear\u00e1 chega aos 141.248 casos confirmados e&nbsp;7.030 mortos por Covid-19 nesta quarta-feira, dia 15. Foram 1.811 casos e 53 mortes a mais que o registrado na ter\u00e7a-feira. S\u00e3o 115.053 pacientes recuperados do novo coronav\u00edrus no Cear\u00e1.&nbsp;&nbsp;<\/p>\n\n\n\n<figure class=\"wp-block-image size-large\"><img loading=\"lazy\" decoding=\"async\" width=\"678\" height=\"452\" src=\"https:\/\/blogdorogeriogomes.com.br\/wp-content\/uploads\/2020\/07\/images-5-3.jpeg\" alt=\"\" class=\"wp-image-17558\" srcset=\"https:\/\/blogdorogeriogomes.com.br\/noticias\/wp-content\/uploads\/2020\/07\/images-5-3.jpeg 678w, https:\/\/blogdorogeriogomes.com.br\/noticias\/wp-content\/uploads\/2020\/07\/images-5-3-300x200.jpeg 300w\" sizes=\"auto, (max-width: 678px) 100vw, 678px\" \/><\/figure>\n\n\n\n<p>  <\/p>\n","protected":false},"excerpt":{"rendered":"<p>O governador do Cear\u00e1, Camilo Santana, descartou nesta quarta-feira, dia 15 de julho, o retorno de cinco setores que n\u00e3o ser\u00e3o inclu\u00eddos na Fase 4 do plano de retomada da economia em Fortaleza, com previs\u00e3o para come\u00e7ar na pr\u00f3xima segunda-feira, dia 20 de julho. Est\u00e3o fora da plano a volta das aulas presenciais, cinemas, bares, academias e realiza\u00e7\u00e3o de shows. Os restaurantes, no entanto, poder\u00e3o retomar atividades \u00e0 noite com a edi\u00e7\u00e3o do novo decreto, que dever\u00e1 acontecer at\u00e9&hellip;<\/p>\n","protected":false},"author":1,"featured_media":17558,"comment_status":"open","ping_status":"open","sticky":false,"template":"","format":"standard","meta":{"footnotes":""},"categories":[1],"tags":[],"class_list":["post-17557","post","type-post","status-publish","format-standard","has-post-thumbnail","hentry","category-noticias"],"_links":{"self":[{"href":"https:\/\/blogdorogeriogomes.com.br\/noticias\/wp-json\/wp\/v2\/posts\/17557","targetHints":{"allow":["GET"]}}],"collection":[{"href":"https:\/\/blogdorogeriogomes.com.br\/noticias\/wp-json\/wp\/v2\/posts"}],"about":[{"href":"https:\/\/blogdorogeriogomes.com.br\/noticias\/wp-json\/wp\/v2\/types\/post"}],"author":[{"embeddable":true,"href":"https:\/\/blogdorogeriogomes.com.br\/noticias\/wp-json\/wp\/v2\/users\/1"}],"replies":[{"embeddable":true,"href":"https:\/\/blogdorogeriogomes.com.br\/noticias\/wp-json\/wp\/v2\/comments?post=17557"}],"version-history":[{"count":2,"href":"https:\/\/blogdorogeriogomes.com.br\/noticias\/wp-json\/wp\/v2\/posts\/17557\/revisions"}],"predecessor-version":[{"id":17588,"href":"https:\/\/blogdorogeriogomes.com.br\/noticias\/wp-json\/wp\/v2\/posts\/17557\/revisions\/17588"}],"wp:featuredmedia":[{"embeddable":true,"href":"https:\/\/blogdorogeriogomes.com.br\/noticias\/wp-json\/wp\/v2\/media\/17558"}],"wp:attachment":[{"href":"https:\/\/blogdorogeriogomes.com.br\/noticias\/wp-json\/wp\/v2\/media?parent=17557"}],"wp:term":[{"taxonomy":"category","embeddable":true,"href":"https:\/\/blogdorogeriogomes.com.br\/noticias\/wp-json\/wp\/v2\/categories?post=17557"},{"taxonomy":"post_tag","embeddable":true,"href":"https:\/\/blogdorogeriogomes.com.br\/noticias\/wp-json\/wp\/v2\/tags?post=17557"}],"curies":[{"name":"wp","href":"https:\/\/api.w.org\/{rel}","templated":true}]}}